{"id":19384,"date":"2016-06-08T13:20:13","date_gmt":"2016-06-08T12:20:13","guid":{"rendered":"https:\/\/old.mercatflors.cat\/?p=19384"},"modified":"2016-07-20T13:37:02","modified_gmt":"2016-07-20T12:37:02","slug":"avance-de-la-programacion-de-la-temporada-201617-del-mercat","status":"publish","type":"post","link":"https:\/\/old.mercatflors.cat\/es\/actualidad\/avance-de-la-programacion-de-la-temporada-201617-del-mercat\/","title":{"rendered":"Avance de la programaci\u00f3n de la temporada 2016\/17 del Mercat"},"content":{"rendered":"<p>Consulta el avance de la temporada 2016\/17 del Mercat de les Flors. La programaci\u00f3n completa, as\u00ed como las entradas a la venta, estar\u00e1 disponible a partir del 1 de julio<\/p>\n<p><a href=\"https:\/\/old.mercatflors.cat\/wp-content\/uploads\/2016\/06\/calendari-1617-ok.pdf\"><img decoding=\"async\" loading=\"lazy\" class=\"alignleft size-large wp-image-19380\" src=\"https:\/\/old.mercatflors.cat\/wp-content\/uploads\/2016\/06\/calendari-1617-ok-754x490.jpg\" alt=\"calendari-1617-ok\" width=\"754\" height=\"490\" \/><\/a><\/p>\n","protected":false},"excerpt":{"rendered":"<p>Consulta el avance de la temporada 2016\/17 del Mercat de [&hellip;]<\/p>\n","protected":false},"author":1,"featured_media":0,"comment_status":"open","ping_status":"open","sticky":false,"template":"","format":"standard","meta":[],"categories":[16],"tags":[],"_links":{"self":[{"href":"https:\/\/old.mercatflors.cat\/es\/wp-json\/wp\/v2\/posts\/19384\/"}],"collection":[{"href":"https:\/\/old.mercatflors.cat\/es\/wp-json\/wp\/v2\/posts\/"}],"about":[{"href":"https:\/\/old.mercatflors.cat\/es\/wp-json\/wp\/v2\/types\/post\/"}],"author":[{"embeddable":true,"href":"https:\/\/old.mercatflors.cat\/es\/wp-json\/wp\/v2\/users\/1\/"}],"replies":[{"embeddable":true,"href":"https:\/\/old.mercatflors.cat\/es\/wp-json\/wp\/v2\/comments\/?post=19384"}],"version-history":[{"count":0,"href":"https:\/\/old.mercatflors.cat\/es\/wp-json\/wp\/v2\/posts\/19384\/revisions\/"}],"wp:attachment":[{"href":"https:\/\/old.mercatflors.cat\/es\/wp-json\/wp\/v2\/media\/?parent=19384"}],"wp:term":[{"taxonomy":"category","embeddable":true,"href":"https:\/\/old.mercatflors.cat\/es\/wp-json\/wp\/v2\/categories\/?post=19384"},{"taxonomy":"post_tag","embeddable":true,"href":"https:\/\/old.mercatflors.cat\/es\/wp-json\/wp\/v2\/tags\/?post=19384"}],"curies":[{"name":"wp","href":"https:\/\/api.w.org\/{rel}","templated":true}]}}