{"id":19415,"date":"2016-06-14T12:29:08","date_gmt":"2016-06-14T11:29:08","guid":{"rendered":"https:\/\/old.mercatflors.cat\/?p=19415"},"modified":"2016-09-14T10:42:10","modified_gmt":"2016-09-14T09:42:10","slug":"hemos-hecho-balance-de-la-temporada-2015-16","status":"publish","type":"post","link":"https:\/\/old.mercatflors.cat\/es\/actualidad\/hemos-hecho-balance-de-la-temporada-2015-16\/","title":{"rendered":"Hemos hecho balance de la temporada 2015-16"},"content":{"rendered":"<p>Un balance muy positivo para cerrar la temporada: hemos aumentado el n\u00famero de espect\u00e1culos y actividades sin dejar de crecer desde 2012; tambi\u00e9n hemos coproducido m\u00e1s compa\u00f1\u00edas, sobre todo catalanas. Y esta temporada pasada destaca nuestro proyecto educativo, que ha crecido en actividades, implicando m\u00e1s maestros y alumnos.<\/p>\n<p>Consulta el balance de la temporada 2015-16 <a href=\"https:\/\/old.mercatflors.cat\/wp-content\/uploads\/2016\/06\/BALAN\u00c7-MERCAT-FLORS_2015-16.pdf\" target=\"_blank\">AQU\u00cd<\/a><\/p>\n<p>&nbsp;<\/p>\n","protected":false},"excerpt":{"rendered":"<p>Un balance muy positivo para cerrar la temporada: hemos aumentado [&hellip;]<\/p>\n","protected":false},"author":1,"featured_media":0,"comment_status":"open","ping_status":"open","sticky":false,"template":"","format":"standard","meta":[],"categories":[16],"tags":[],"_links":{"self":[{"href":"https:\/\/old.mercatflors.cat\/es\/wp-json\/wp\/v2\/posts\/19415\/"}],"collection":[{"href":"https:\/\/old.mercatflors.cat\/es\/wp-json\/wp\/v2\/posts\/"}],"about":[{"href":"https:\/\/old.mercatflors.cat\/es\/wp-json\/wp\/v2\/types\/post\/"}],"author":[{"embeddable":true,"href":"https:\/\/old.mercatflors.cat\/es\/wp-json\/wp\/v2\/users\/1\/"}],"replies":[{"embeddable":true,"href":"https:\/\/old.mercatflors.cat\/es\/wp-json\/wp\/v2\/comments\/?post=19415"}],"version-history":[{"count":0,"href":"https:\/\/old.mercatflors.cat\/es\/wp-json\/wp\/v2\/posts\/19415\/revisions\/"}],"wp:attachment":[{"href":"https:\/\/old.mercatflors.cat\/es\/wp-json\/wp\/v2\/media\/?parent=19415"}],"wp:term":[{"taxonomy":"category","embeddable":true,"href":"https:\/\/old.mercatflors.cat\/es\/wp-json\/wp\/v2\/categories\/?post=19415"},{"taxonomy":"post_tag","embeddable":true,"href":"https:\/\/old.mercatflors.cat\/es\/wp-json\/wp\/v2\/tags\/?post=19415"}],"curies":[{"name":"wp","href":"https:\/\/api.w.org\/{rel}","templated":true}]}}