{"id":20000,"date":"2016-07-06T10:59:28","date_gmt":"2016-07-06T09:59:28","guid":{"rendered":"https:\/\/old.mercatflors.cat\/?p=20000"},"modified":"2016-11-07T16:38:58","modified_gmt":"2016-11-07T15:38:58","slug":"espectaculos-catalanes-en-el-festival-julidans-de-amsterdam-un-proyecto-de-intercambio","status":"publish","type":"post","link":"https:\/\/old.mercatflors.cat\/es\/actualidad\/espectaculos-catalanes-en-el-festival-julidans-de-amsterdam-un-proyecto-de-intercambio\/","title":{"rendered":"Espect\u00e1culos escogidos por el festival Julidans de Amsterdam, un proyecto de intercambio"},"content":{"rendered":"<p>En enero de 2015 el Mercat de les Flors present\u00f3 el ciclo LANDHOL, un programa con creadores de los Pa\u00edses Bajos apadrinados por el festival que se celebra anualmente en \u00c1msterdam, Julidans, un importante referente de la danza actual. Con m\u00e1s de 25 a\u00f1os de historia, el Julidans apoy\u00f3 artistas que hoy tienen una carrera consolidada. Y esta colaboraci\u00f3n ha sido un viaje de ida y vuelta: este a\u00f1o varias compa\u00f1\u00edas y artistas catalanes escogidos por el festival act\u00faan en la ciudad holandesa, y algunos de ellos han tenido una relaci\u00f3n previa con la escuela holandesa SNDO. Este proyecto cuenta con el apoyo de A\/C Acci\u00f3n Cultural Espa\u00f1ola.<\/p>\n<p>Se presentan S<em>in baile no hay para\u00edso<\/em>, de Pere Faura; <em>Los micr\u00f3fonos<\/em>, de Jorge Dutor y Guillem Mont de Palol; <em>Kokoro<\/em>, de la bailarina y core\u00f3grafa Lali Ayguad\u00e9, y <em>Portland<\/em>, de Marcos Morau \/ La Veronal y Lali Ayguad\u00e9; adem\u00e1s se presenta una colaboraci\u00f3n especial con la core\u00f3grafa de Uruguay Tamara Cubas. El director del Mercat tuvo el honor de hacer el discurso inaugural el pasado d\u00eda 1 de julio.<\/p>\n","protected":false},"excerpt":{"rendered":"<p>En enero de 2015 el Mercat de les Flors present\u00f3 [&hellip;]<\/p>\n","protected":false},"author":1,"featured_media":0,"comment_status":"open","ping_status":"open","sticky":false,"template":"","format":"standard","meta":[],"categories":[16],"tags":[],"_links":{"self":[{"href":"https:\/\/old.mercatflors.cat\/es\/wp-json\/wp\/v2\/posts\/20000\/"}],"collection":[{"href":"https:\/\/old.mercatflors.cat\/es\/wp-json\/wp\/v2\/posts\/"}],"about":[{"href":"https:\/\/old.mercatflors.cat\/es\/wp-json\/wp\/v2\/types\/post\/"}],"author":[{"embeddable":true,"href":"https:\/\/old.mercatflors.cat\/es\/wp-json\/wp\/v2\/users\/1\/"}],"replies":[{"embeddable":true,"href":"https:\/\/old.mercatflors.cat\/es\/wp-json\/wp\/v2\/comments\/?post=20000"}],"version-history":[{"count":0,"href":"https:\/\/old.mercatflors.cat\/es\/wp-json\/wp\/v2\/posts\/20000\/revisions\/"}],"wp:attachment":[{"href":"https:\/\/old.mercatflors.cat\/es\/wp-json\/wp\/v2\/media\/?parent=20000"}],"wp:term":[{"taxonomy":"category","embeddable":true,"href":"https:\/\/old.mercatflors.cat\/es\/wp-json\/wp\/v2\/categories\/?post=20000"},{"taxonomy":"post_tag","embeddable":true,"href":"https:\/\/old.mercatflors.cat\/es\/wp-json\/wp\/v2\/tags\/?post=20000"}],"curies":[{"name":"wp","href":"https:\/\/api.w.org\/{rel}","templated":true}]}}