{"id":20265,"date":"2016-09-13T16:15:06","date_gmt":"2016-09-13T15:15:06","guid":{"rendered":"https:\/\/old.mercatflors.cat\/?p=20265"},"modified":"2016-11-08T15:34:54","modified_gmt":"2016-11-08T14:34:54","slug":"premio-fad-para-el-espectaculo-le-vide","status":"publish","type":"post","link":"https:\/\/old.mercatflors.cat\/es\/actualidad\/premio-fad-para-el-espectaculo-le-vide\/","title":{"rendered":"Premio FAD para el espect\u00e1culo Le Vide"},"content":{"rendered":"<p>El Premio FAD Aplauso Internacional Joan German Schoeder de esta a\u00f1o ha sido para la pieza de circo <em>Le Vide<\/em> <em>por una obra de sencille monumental que nos muestra que el absurdo es capaz de llegar m\u00e1s lejos que la raz\u00f3n, y que el esfuerzo puede ser in\u00fatil y, a\u00fan as\u00ed, conducirnos a la felicidad, <\/em>seg\u00fan el jurado del premio.<\/p>\n<p><em>Le Vide<\/em> (en franc\u00e9s El vac\u00edo), que pudimos ver en el Mercat de les Flors el pasado mes de abril dentro del ciclo Circo de Ahora Mismo, fue un gran \u00e9xito de cr\u00edtica y p\u00fablico. A medias entre un ensayo y una obra acabada, la pieza parte de la disciplina de la cuerda suspendida. Fue creada en 2009 por Fragan Gehlker, Alexis Auffray y Maroussia Diaz.<\/p>\n<p><a href=\"https:\/\/old.mercatflors.cat\/es\/espectacle\/le-vide-2\/\" target=\"_blank\"><span style=\"color: #0000ff;\"><strong>El espect\u00e1culo<\/strong> <\/span><\/a><\/p>\n","protected":false},"excerpt":{"rendered":"<p>El Premio FAD Aplauso Internacional Joan German Schoeder de esta [&hellip;]<\/p>\n","protected":false},"author":1,"featured_media":0,"comment_status":"open","ping_status":"open","sticky":false,"template":"","format":"standard","meta":[],"categories":[16],"tags":[],"_links":{"self":[{"href":"https:\/\/old.mercatflors.cat\/es\/wp-json\/wp\/v2\/posts\/20265\/"}],"collection":[{"href":"https:\/\/old.mercatflors.cat\/es\/wp-json\/wp\/v2\/posts\/"}],"about":[{"href":"https:\/\/old.mercatflors.cat\/es\/wp-json\/wp\/v2\/types\/post\/"}],"author":[{"embeddable":true,"href":"https:\/\/old.mercatflors.cat\/es\/wp-json\/wp\/v2\/users\/1\/"}],"replies":[{"embeddable":true,"href":"https:\/\/old.mercatflors.cat\/es\/wp-json\/wp\/v2\/comments\/?post=20265"}],"version-history":[{"count":0,"href":"https:\/\/old.mercatflors.cat\/es\/wp-json\/wp\/v2\/posts\/20265\/revisions\/"}],"wp:attachment":[{"href":"https:\/\/old.mercatflors.cat\/es\/wp-json\/wp\/v2\/media\/?parent=20265"}],"wp:term":[{"taxonomy":"category","embeddable":true,"href":"https:\/\/old.mercatflors.cat\/es\/wp-json\/wp\/v2\/categories\/?post=20265"},{"taxonomy":"post_tag","embeddable":true,"href":"https:\/\/old.mercatflors.cat\/es\/wp-json\/wp\/v2\/tags\/?post=20265"}],"curies":[{"name":"wp","href":"https:\/\/api.w.org\/{rel}","templated":true}]}}