{"id":20269,"date":"2016-09-14T10:56:41","date_gmt":"2016-09-14T09:56:41","guid":{"rendered":"https:\/\/old.mercatflors.cat\/?p=20269"},"modified":"2017-06-12T15:59:23","modified_gmt":"2017-06-12T14:59:23","slug":"el-mercat-de-les-flors-se-suma-a-la-iniciativa-por-amor-a-las-artes","status":"publish","type":"post","link":"https:\/\/old.mercatflors.cat\/es\/actualidad\/el-mercat-de-les-flors-se-suma-a-la-iniciativa-por-amor-a-las-artes\/","title":{"rendered":"El Mercat de les Flors se suma a la iniciativa \u2018Por amor a las artes\u2019"},"content":{"rendered":"<p>Desde hace 4 temporadas, la Filmoteca de Catalunya y el MNAC han estado programando semanalmente el ciclo \u201cPer amor a l\u2019art \u2013 Cine y pintura\u201d. Despu\u00e9s de 4 a\u00f1os con una gran respuesta de p\u00fablico aprovechan el \u00e9xito de la iniciativa para hacerla extensiva a otras disciplinas art\u00edsticas bajo el t\u00edtulo gen\u00e9rico de \u201cPor amor a las artes\u201d. Sobre la base de alianzas y proyectos en com\u00fan con otros equipamientos culturales en Barcelona, la Filmoteca y el MNAC les invita a sumarse a la iniciativa y a hacer un programa conjunto. As\u00ed, este a\u00f1o participar\u00e1n, adem\u00e1s de la Filmoteca y el MNAC, el Mercat de les Flors, el Teatro del Liceo, L\u2019Auditori, el C\u00edrculo del Liceo, el TNC, el Teatre Lliure, el Palau de la M\u00fasica, el Servei de Biblioteques, la Instituci\u00f3 de les Lletres Catalanes y el Pavell\u00f3 Mies van der Rohe.<\/p>\n<p>Con un amplio abanico tem\u00e1tico y cronol\u00f3gico, en el programa encontraremos films de algunos de los grandes directores de la historia del cine, pel\u00edculas para reflexionar sobre el sentido del arte o sobre el proceso creativo -en todas las diversas disciplinas art\u00edsticas-, y otras que nos sumergir\u00e1n en las vidas de artistas universales.<\/p>\n<p>El Mercat de les Flors, en el programa espec\u00edfico sobre cine y danza, presenta las sig\u00fcientes pel\u00edculas:<\/p>\n<p>7 febrero: <em>Tanztr\u00e4ume<\/em>, Anne Linsel, Rainer Hoffmann, 2010, 89\u2019<\/p>\n<p>21 febrero: <em>Iberia<\/em>, Carlos Saura, 2005, 99\u2019<\/p>\n<p>30 mayo: <em>Frances Ha<\/em>, Noah Baumbach, 2012, 86\u2019<\/p>\n<p>20 junio: <em>The Red Shoes<\/em>, Michael Powell y Emmerich Pressuburger, 1948, 133\u2019<\/p>\n<p>Se mantiene el formato de las \u00faltimas temporadas: una proyecci\u00f3n de un film que relacione el mundo del cine y del arte, precedida de una introducci\u00f3n a cargo de un experto. Las proyecciones propuestas por el Mercat de les Flors tendr\u00e1n lugar 4 martes, a las 17h, en la misma Filmoteca.<\/p>\n","protected":false},"excerpt":{"rendered":"<p>Desde hace 4 temporadas, la Filmoteca de Catalunya y el [&hellip;]<\/p>\n","protected":false},"author":1,"featured_media":0,"comment_status":"open","ping_status":"open","sticky":false,"template":"","format":"standard","meta":[],"categories":[16],"tags":[],"_links":{"self":[{"href":"https:\/\/old.mercatflors.cat\/es\/wp-json\/wp\/v2\/posts\/20269\/"}],"collection":[{"href":"https:\/\/old.mercatflors.cat\/es\/wp-json\/wp\/v2\/posts\/"}],"about":[{"href":"https:\/\/old.mercatflors.cat\/es\/wp-json\/wp\/v2\/types\/post\/"}],"author":[{"embeddable":true,"href":"https:\/\/old.mercatflors.cat\/es\/wp-json\/wp\/v2\/users\/1\/"}],"replies":[{"embeddable":true,"href":"https:\/\/old.mercatflors.cat\/es\/wp-json\/wp\/v2\/comments\/?post=20269"}],"version-history":[{"count":0,"href":"https:\/\/old.mercatflors.cat\/es\/wp-json\/wp\/v2\/posts\/20269\/revisions\/"}],"wp:attachment":[{"href":"https:\/\/old.mercatflors.cat\/es\/wp-json\/wp\/v2\/media\/?parent=20269"}],"wp:term":[{"taxonomy":"category","embeddable":true,"href":"https:\/\/old.mercatflors.cat\/es\/wp-json\/wp\/v2\/categories\/?post=20269"},{"taxonomy":"post_tag","embeddable":true,"href":"https:\/\/old.mercatflors.cat\/es\/wp-json\/wp\/v2\/tags\/?post=20269"}],"curies":[{"name":"wp","href":"https:\/\/api.w.org\/{rel}","templated":true}]}}