{"id":20364,"date":"2016-09-29T11:47:13","date_gmt":"2016-09-29T10:47:13","guid":{"rendered":"https:\/\/old.mercatflors.cat\/?p=20364"},"modified":"2016-12-30T11:49:33","modified_gmt":"2016-12-30T10:49:33","slug":"el-artista-perejaume-crea-una-obra-para-el-mercat-de-les-flors","status":"publish","type":"post","link":"https:\/\/old.mercatflors.cat\/es\/actualidad\/el-artista-perejaume-crea-una-obra-para-el-mercat-de-les-flors\/","title":{"rendered":"El artista Perejaume crea una obra para el Mercat de les Flors"},"content":{"rendered":"<p>El Mercat de les Flors ha encargado al artista catal\u00e1n Perejaume una obra que se ha instalado en el foyer de la sala Maria Aur\u00e8lia Capmany. Con el nombre de <em>Tres corbes de nivell<\/em>, la pieza consta de 3 tapices hechos con urdimbre de hilo de nylon negro de medidas 43cm de ancho y 34,35m, 44,43m y 132m de largo. Los tapices se enrollan formando unos rulos de 56cm, 66cm y 124cm aproximadamente.<\/p>\n<p>La obra hace referencia a 3 cimas catalanas y el seguimiento de la propia curva de nivel de cada uno de ells; la cura de nivel es una l\u00ednea que une todos los puntos que se encuentran en la misma altitud y Perejaume los ha plasmado en estos tapices que est\u00e1n enrollados en las dimensiones reales:<\/p>\n<ul>\n<li>Cim del Monteixo. Per\u00edmetro curva 2905: 34\u201935 m.<\/li>\n<li>Puig de Gallicant. Per\u00edmetro curva 1009: 33\u201994 m.<\/li>\n<li>Tur\u00f3 de Monterols. Per\u00edmetro curva 125: 132 m.<\/li>\n<\/ul>\n<p>Esta obra se suma al patrimonio art\u00edstico del Mercat, que ya cuenta con la c\u00fapula de Miquel Barcel\u00f3 y la pared de botijos de Frederic Amat.<\/p>\n<p>&nbsp;<\/p>\n","protected":false},"excerpt":{"rendered":"<p>El Mercat de les Flors ha encargado al artista catal\u00e1n [&hellip;]<\/p>\n","protected":false},"author":1,"featured_media":0,"comment_status":"open","ping_status":"open","sticky":false,"template":"","format":"standard","meta":[],"categories":[16],"tags":[],"_links":{"self":[{"href":"https:\/\/old.mercatflors.cat\/es\/wp-json\/wp\/v2\/posts\/20364\/"}],"collection":[{"href":"https:\/\/old.mercatflors.cat\/es\/wp-json\/wp\/v2\/posts\/"}],"about":[{"href":"https:\/\/old.mercatflors.cat\/es\/wp-json\/wp\/v2\/types\/post\/"}],"author":[{"embeddable":true,"href":"https:\/\/old.mercatflors.cat\/es\/wp-json\/wp\/v2\/users\/1\/"}],"replies":[{"embeddable":true,"href":"https:\/\/old.mercatflors.cat\/es\/wp-json\/wp\/v2\/comments\/?post=20364"}],"version-history":[{"count":0,"href":"https:\/\/old.mercatflors.cat\/es\/wp-json\/wp\/v2\/posts\/20364\/revisions\/"}],"wp:attachment":[{"href":"https:\/\/old.mercatflors.cat\/es\/wp-json\/wp\/v2\/media\/?parent=20364"}],"wp:term":[{"taxonomy":"category","embeddable":true,"href":"https:\/\/old.mercatflors.cat\/es\/wp-json\/wp\/v2\/categories\/?post=20364"},{"taxonomy":"post_tag","embeddable":true,"href":"https:\/\/old.mercatflors.cat\/es\/wp-json\/wp\/v2\/tags\/?post=20364"}],"curies":[{"name":"wp","href":"https:\/\/api.w.org\/{rel}","templated":true}]}}