{"id":20368,"date":"2016-09-29T12:22:16","date_gmt":"2016-09-29T11:22:16","guid":{"rendered":"https:\/\/old.mercatflors.cat\/?p=20368"},"modified":"2016-12-30T11:22:05","modified_gmt":"2016-12-30T10:22:05","slug":"el-artista-perejaume-crea-una-obra-para-el-mercat-de-les-flors-2","status":"publish","type":"post","link":"https:\/\/old.mercatflors.cat\/es\/actualidad\/el-artista-perejaume-crea-una-obra-para-el-mercat-de-les-flors-2\/","title":{"rendered":"Se convoca el concurso de director\/a del Mercat de les Flors"},"content":{"rendered":"<p>El Consorcio Mercat de les Flors, constituido por el Ayuntamiento de Barcelona y por la Generalitat de Catalunya, ha publicado las bases del proceso de selecci\u00f3n para asignar la plaza de nuevo director\/a.<\/p>\n<p>La fecha l\u00edmite de presentaci\u00f3n de instancias ser\u00e1 de un mes a partir de la fecha de publicaci\u00f3n en el DOGC el d\u00eda 29 de septiembre. Las bases establecen que las personas aspirantes deber\u00e1n tener formaci\u00f3n universitaria o estudios art\u00edsticos superiores o haber cursadu cursos oficiales completos de danza espa\u00f1ola, cl\u00e1sica o contempor\u00e1nea anteriores a la Ley Org\u00e1nica 1\/1990.<\/p>\n<p>Las funciones de la Direcci\u00f3n del Mercat de les Flors consisten en asegurar que este centro se caracterice como un referente de la danza y las artes del movimiento contempor\u00e1neas, que sea exponente de innovaci\u00f3n y experimentaci\u00f3n, que atraiga un amplio y diverso abanico de usuarios y que sirva para hacer accessible la cultura entre la ciutadan\u00eda y el territorio.<\/p>\n<p>Pod\u00e9is consultar las bases <a href=\"https:\/\/old.mercatflors.cat\/wp-content\/uploads\/2016\/09\/Cat_BASES-DE-LA-CONVOCAT%C3%92RIA-DEL-CONCURS-DEL-DIRECTOR.pdf\" target=\"_blank\">AQU\u00cd<\/a>.<\/p>\n","protected":false},"excerpt":{"rendered":"<p>El Consorcio Mercat de les Flors, constituido por el Ayuntamiento [&hellip;]<\/p>\n","protected":false},"author":1,"featured_media":0,"comment_status":"open","ping_status":"open","sticky":false,"template":"","format":"standard","meta":[],"categories":[16],"tags":[],"_links":{"self":[{"href":"https:\/\/old.mercatflors.cat\/es\/wp-json\/wp\/v2\/posts\/20368\/"}],"collection":[{"href":"https:\/\/old.mercatflors.cat\/es\/wp-json\/wp\/v2\/posts\/"}],"about":[{"href":"https:\/\/old.mercatflors.cat\/es\/wp-json\/wp\/v2\/types\/post\/"}],"author":[{"embeddable":true,"href":"https:\/\/old.mercatflors.cat\/es\/wp-json\/wp\/v2\/users\/1\/"}],"replies":[{"embeddable":true,"href":"https:\/\/old.mercatflors.cat\/es\/wp-json\/wp\/v2\/comments\/?post=20368"}],"version-history":[{"count":0,"href":"https:\/\/old.mercatflors.cat\/es\/wp-json\/wp\/v2\/posts\/20368\/revisions\/"}],"wp:attachment":[{"href":"https:\/\/old.mercatflors.cat\/es\/wp-json\/wp\/v2\/media\/?parent=20368"}],"wp:term":[{"taxonomy":"category","embeddable":true,"href":"https:\/\/old.mercatflors.cat\/es\/wp-json\/wp\/v2\/categories\/?post=20368"},{"taxonomy":"post_tag","embeddable":true,"href":"https:\/\/old.mercatflors.cat\/es\/wp-json\/wp\/v2\/tags\/?post=20368"}],"curies":[{"name":"wp","href":"https:\/\/api.w.org\/{rel}","templated":true}]}}