{"id":20533,"date":"2016-10-28T11:28:36","date_gmt":"2016-10-28T10:28:36","guid":{"rendered":"https:\/\/old.mercatflors.cat\/?p=20533"},"modified":"2016-11-07T16:40:19","modified_gmt":"2016-11-07T15:40:19","slug":"el-mercat-de-les-flors-participa-en-la-semana-apropa-cultura","status":"publish","type":"post","link":"https:\/\/old.mercatflors.cat\/es\/actualidad\/el-mercat-de-les-flors-participa-en-la-semana-apropa-cultura\/","title":{"rendered":"El Mercat de les Flors participa en la Semana Apropa Cultura"},"content":{"rendered":"<p>El Mercat de les Flors participa en la semana APROPRA, dentro del programa de integraci\u00f3n social Apropa Cultura, a trav\u00e9s de un taller que imparte la bailaora y core\u00f3grafa Mar\u00eda Pag\u00e9s. Este taller, que tendr\u00e1 lugar el 31 de octubre, est\u00e1 dirigido a personas con discapacidad intelectual del centro ocupacional La Marina.<\/p>\n<p>Apropa Cultura es un programa socioeducativo iniciativa de los equipamientos culturales y de las administraciones p\u00fablicas para los usuarios de centros sociales que trabajan con personas en situaci\u00f3n de desigualdad, discriminaci\u00f3n, vulnerabilidad y en riesgo de exclusi\u00f3n social.<\/p>\n<p>Los teatros, auditorios y festivales adheridos a Apropa Cultura ofrecen localidades de su programaci\u00f3n habitual a precios muy reducidos. El Mercat de les Flors forma parte del programa Apropa desde la temporada 2011-12.<\/p>\n","protected":false},"excerpt":{"rendered":"<p>El Mercat de les Flors participa en la semana APROPRA, [&hellip;]<\/p>\n","protected":false},"author":1,"featured_media":0,"comment_status":"open","ping_status":"open","sticky":false,"template":"","format":"standard","meta":[],"categories":[16],"tags":[],"_links":{"self":[{"href":"https:\/\/old.mercatflors.cat\/es\/wp-json\/wp\/v2\/posts\/20533\/"}],"collection":[{"href":"https:\/\/old.mercatflors.cat\/es\/wp-json\/wp\/v2\/posts\/"}],"about":[{"href":"https:\/\/old.mercatflors.cat\/es\/wp-json\/wp\/v2\/types\/post\/"}],"author":[{"embeddable":true,"href":"https:\/\/old.mercatflors.cat\/es\/wp-json\/wp\/v2\/users\/1\/"}],"replies":[{"embeddable":true,"href":"https:\/\/old.mercatflors.cat\/es\/wp-json\/wp\/v2\/comments\/?post=20533"}],"version-history":[{"count":0,"href":"https:\/\/old.mercatflors.cat\/es\/wp-json\/wp\/v2\/posts\/20533\/revisions\/"}],"wp:attachment":[{"href":"https:\/\/old.mercatflors.cat\/es\/wp-json\/wp\/v2\/media\/?parent=20533"}],"wp:term":[{"taxonomy":"category","embeddable":true,"href":"https:\/\/old.mercatflors.cat\/es\/wp-json\/wp\/v2\/categories\/?post=20533"},{"taxonomy":"post_tag","embeddable":true,"href":"https:\/\/old.mercatflors.cat\/es\/wp-json\/wp\/v2\/tags\/?post=20533"}],"curies":[{"name":"wp","href":"https:\/\/api.w.org\/{rel}","templated":true}]}}