{"id":20609,"date":"2016-11-08T15:26:00","date_gmt":"2016-11-08T14:26:00","guid":{"rendered":"https:\/\/old.mercatflors.cat\/?p=20609"},"modified":"2016-12-30T13:26:57","modified_gmt":"2016-12-30T12:26:57","slug":"el-graner-convoca-las-residencias-para-el-ano-2017","status":"publish","type":"post","link":"https:\/\/old.mercatflors.cat\/es\/actualidad\/el-graner-convoca-las-residencias-para-el-ano-2017\/","title":{"rendered":"El Graner convoca las residencias para el a\u00f1o 2017"},"content":{"rendered":"<p>El Graner abre convocatoria para proyectos en residencia durante el 2017. Esta convocatoria va dirigida a artistas y colectivos, locales e internacionales, que trabajen en las \u00e1reas de la danza y la performance, desarrollando propuestas o en procesos de investigaci\u00f3n que tienen la coreograf\u00eda, el cuerpo o el movimiento como eje central de las mismas.<\/p>\n<p>La convocatoria de residencias 2017 se articula en dos modalidades: investigaci\u00f3n y creaci\u00f3n.<\/p>\n<p>El periodo de recepci\u00f3n de proyectos ser\u00e1 hasta el 4 de Diciembre de 2016. El 12 de enero\u00a0se comunicar\u00e1 la resoluci\u00f3n de esta convocatoria a trav\u00e9s de las webs <a href=\"http:\/\/www.granerbcn.cat\">www.granerbcn.cat<\/a>, <a href=\"http:\/\/www.mercatflors.cat\">www.mercatflors.cat<\/a> y nuestras redes sociales.<\/p>\n<p>La <a href=\"El%20Graner abre convocatoria para proyectos en residencia durante el 2017. Esta convocatoria va dirigida a artistas y colectivos, locales e internacionales, que trabajen en las \u00e1reas de la danza y la performance, desarrollando propuestas o en procesos de investigaci\u00f3n que tienen la coreograf\u00eda, el cuerpo o el movimiento como eje central de las mismas.  La convocatoria de residencias 2017 se articula en dos modalidades: investigaci\u00f3n y creaci\u00f3n.  El periodo de recepci\u00f3n de proyectos ser\u00e1 hasta el 4 de Diciembre de 2016. El 14 de Diciembre se comunicar\u00e1 la resoluci\u00f3n de esta convocatoria a trav\u00e9s de las webs www.granerbcn.cat, www.mercatflors.cat y nuestras redes sociales.\" target=\"_blank\"><strong>CONVOCATORIA<\/strong><\/a><\/p>\n<p>&nbsp;<\/p>\n","protected":false},"excerpt":{"rendered":"<p>El Graner abre convocatoria para proyectos en residencia durante el [&hellip;]<\/p>\n","protected":false},"author":1,"featured_media":0,"comment_status":"open","ping_status":"open","sticky":false,"template":"","format":"standard","meta":[],"categories":[16],"tags":[],"_links":{"self":[{"href":"https:\/\/old.mercatflors.cat\/es\/wp-json\/wp\/v2\/posts\/20609\/"}],"collection":[{"href":"https:\/\/old.mercatflors.cat\/es\/wp-json\/wp\/v2\/posts\/"}],"about":[{"href":"https:\/\/old.mercatflors.cat\/es\/wp-json\/wp\/v2\/types\/post\/"}],"author":[{"embeddable":true,"href":"https:\/\/old.mercatflors.cat\/es\/wp-json\/wp\/v2\/users\/1\/"}],"replies":[{"embeddable":true,"href":"https:\/\/old.mercatflors.cat\/es\/wp-json\/wp\/v2\/comments\/?post=20609"}],"version-history":[{"count":0,"href":"https:\/\/old.mercatflors.cat\/es\/wp-json\/wp\/v2\/posts\/20609\/revisions\/"}],"wp:attachment":[{"href":"https:\/\/old.mercatflors.cat\/es\/wp-json\/wp\/v2\/media\/?parent=20609"}],"wp:term":[{"taxonomy":"category","embeddable":true,"href":"https:\/\/old.mercatflors.cat\/es\/wp-json\/wp\/v2\/categories\/?post=20609"},{"taxonomy":"post_tag","embeddable":true,"href":"https:\/\/old.mercatflors.cat\/es\/wp-json\/wp\/v2\/tags\/?post=20609"}],"curies":[{"name":"wp","href":"https:\/\/api.w.org\/{rel}","templated":true}]}}