{"id":20722,"date":"2016-11-23T13:34:39","date_gmt":"2016-11-23T12:34:39","guid":{"rendered":"https:\/\/old.mercatflors.cat\/?p=20722"},"modified":"2017-10-09T09:34:04","modified_gmt":"2017-10-09T08:34:04","slug":"nuevo-volumen-de-la-coleccion-cuerpo-de-letra","status":"publish","type":"post","link":"https:\/\/old.mercatflors.cat\/es\/actualidad\/nuevo-volumen-de-la-coleccion-cuerpo-de-letra\/","title":{"rendered":"Nuevo volumen de la colecci\u00f3n Cuerpo de Letra"},"content":{"rendered":"<p>La colecci\u00f3n de libros de danza y pensamiento Cuerpo de Letra ha editado un nuevo volumen editado y coordinado por Victoria P\u00e9rez Royo (profesora de Est\u00e9tica y Teor\u00eda de las Arte en la Universidad de Zaragoza) y Diego Agull\u00f3 (formado en artes esc\u00e9nicas en Berl\u00edn, su pr\u00e1ctica se centra en los conceptos de cuerpo y evento<em>). Componer el plural<\/em> cuenta con textos de numerosos especialistas, como Santiago Alba Rico, Paulina Chamorro, Alice Chauchat, M\u00aa Jos\u00e9 Cifuentes, Itxaso Corral, Manuel Delgado, Cl\u00e1udia Dias, Eleanora Fabiao, Amador Fern\u00e1ndez-Savater, Susan L. Foster, Christine Greiner, David P\u00e9rez, Amanda Pi\u00f1a, Paz Rojo, Fernando Quesada y Jos\u00e9 A. S\u00e1nchez.<\/p>\n<p>El libro <em>Componer el plural. Escena, cuerpo y pol\u00edtica<\/em> es una iniciativa del Mercat de les Flors, el Institut del Teatre y Ediciones Pol\u00edgrafa que ya se puede encontrar en las librer\u00edas especializadas. Este volumen es el resultado de un intento de componer el plural: se re\u00fanen conversaciones y documentos, textos de teor\u00eda pol\u00edtica, sociol\u00f3gica y de artes esc\u00e9nicas.<\/p>\n<p>La editora Victoria P\u00e9rez Royo explica: \u201cComponer el plural<em> es un ejercicio; pero no es un ejercicio gramatical, sino un entrenamiento pr\u00e1ctico, vital, corporal y pol\u00edtico de configurar un nosotros. Implica disponer el cuerpo en una tensi\u00f3n entre dos fuerzas: la del componer (juntar, reunir) y la del plural (diferenciar, distinguir) y, con ello, pensar y practicar el nosotros entre lo que nos une y los que nos separa, entre la confluencia y la dispersi\u00f3n, entre la cristalizaci\u00f3n y la disoluci\u00f3n.<br \/>\n<\/em><\/p>\n<p><em>Los textos de este libro investigan algunos modos de componer el plural que han proliferado en los \u00faltimos a\u00f1os tanto en los movimientos ciudadanos recientes, como en una buena parte de las artes esc\u00e9nicas contempor\u00e1nea. En estos contextos se ha experimentado de manera intensa con lo que mueve nuestros cuerpos y lo que fomenta nuestra capacidad de acci\u00f3n; con las complejas din\u00e1micas del nosotros, tales como los problemas en la toma horizontal de decisiones, o el dif\u00edcil equilibrio entre la voluntad de hegemon\u00eda y a la par de mantenerse en movimiento; con la propuesta de estados de encuentro radicales y de apertura a la alteridad y a la aventura; en definitiva, con la necesidad de ensayar nuevas formas de democracia y de recuperar al menos parte del espacio p\u00fablico y pol\u00edtico perdidos<\/em>\u201d.<\/p>\n<p><strong>Tanto este nuevo volumen como los otros\u00a0publicados se pueden adquirir en la\u00a0web de Ediciones Pol\u00edgrafa. <a href=\"https:\/\/old.mercatflors.cat\/es\/publicaciones-y-audiovisuales\/cuerpo-de-letra\/\"><span style=\"text-decoration: underline; color: #0000ff;\">Haz click aqu\u00ed para m\u00e1s informaci\u00f3n<\/span><\/a><\/strong><\/p>\n","protected":false},"excerpt":{"rendered":"<p>La colecci\u00f3n de libros de danza y pensamiento Cuerpo de [&hellip;]<\/p>\n","protected":false},"author":1,"featured_media":0,"comment_status":"open","ping_status":"open","sticky":false,"template":"","format":"standard","meta":[],"categories":[16],"tags":[],"_links":{"self":[{"href":"https:\/\/old.mercatflors.cat\/es\/wp-json\/wp\/v2\/posts\/20722\/"}],"collection":[{"href":"https:\/\/old.mercatflors.cat\/es\/wp-json\/wp\/v2\/posts\/"}],"about":[{"href":"https:\/\/old.mercatflors.cat\/es\/wp-json\/wp\/v2\/types\/post\/"}],"author":[{"embeddable":true,"href":"https:\/\/old.mercatflors.cat\/es\/wp-json\/wp\/v2\/users\/1\/"}],"replies":[{"embeddable":true,"href":"https:\/\/old.mercatflors.cat\/es\/wp-json\/wp\/v2\/comments\/?post=20722"}],"version-history":[{"count":0,"href":"https:\/\/old.mercatflors.cat\/es\/wp-json\/wp\/v2\/posts\/20722\/revisions\/"}],"wp:attachment":[{"href":"https:\/\/old.mercatflors.cat\/es\/wp-json\/wp\/v2\/media\/?parent=20722"}],"wp:term":[{"taxonomy":"category","embeddable":true,"href":"https:\/\/old.mercatflors.cat\/es\/wp-json\/wp\/v2\/categories\/?post=20722"},{"taxonomy":"post_tag","embeddable":true,"href":"https:\/\/old.mercatflors.cat\/es\/wp-json\/wp\/v2\/tags\/?post=20722"}],"curies":[{"name":"wp","href":"https:\/\/api.w.org\/{rel}","templated":true}]}}