{"id":20750,"date":"2016-11-24T18:47:11","date_gmt":"2016-11-24T17:47:11","guid":{"rendered":"https:\/\/old.mercatflors.cat\/?p=20750"},"modified":"2016-11-25T12:20:58","modified_gmt":"2016-11-25T11:20:58","slug":"seleccionados-los-miembros-de-la-comision-de-asesores-del-concurso-para-dirigir-el-mercat-de-les-flors","status":"publish","type":"post","link":"https:\/\/old.mercatflors.cat\/es\/actualidad\/seleccionados-los-miembros-de-la-comision-de-asesores-del-concurso-para-dirigir-el-mercat-de-les-flors\/","title":{"rendered":"Seleccionados los miembros de la comisi\u00f3n de asesores del concurso para dirigir el Mercat de les Flors"},"content":{"rendered":"<p>La comisi\u00f3n de valoraci\u00f3n para la direcci\u00f3n del consorcio Mercat de les Flors ha constituido una comisi\u00f3n de asesores especialistas &#8211; tal como indican las bases del concurso-, que propondr\u00e1n a la comisi\u00f3n de valoraci\u00f3n cual de los perfiles presentados es el id\u00f3neo para dirigir el Mercat. La comisi\u00f3n de asesores especialistas est\u00e1 formada por 6 profesionales de la danza, las artes esc\u00e9nicas y la gesti\u00f3n cultural:<\/p>\n<ul>\n<li><strong>Maria Jos\u00e9 Cifuentes<\/strong>, directora art\u00edstica de NAVE (centro de creaci\u00f3n de Santiago de Chile).<\/li>\n<li><strong>Eva Mart\u00ednez<\/strong>, programadora art\u00edstica del teatro Sadler\u2019s Wells (Londres)<\/li>\n<li><strong>Margarida Troguet<\/strong>, gestora cultural, ex-directora del Teatro municipal L\u2019Escorxador de Lleida<\/li>\n<li><strong>Montse Colom\u00e9, <\/strong>core\u00f3grafa y bailarina, maestra de danza, miembro fundador de La Caldera<\/li>\n<li><strong>Pep Tugues<\/strong>, director del Teatre-Auditori de Sant Cugat<\/li>\n<li><strong>Pere Faura<\/strong>, core\u00f3grafo independiente<\/li>\n<\/ul>\n<p>El plazo de presentaci\u00f3n de propuestas para acceder al concurso de director\/a del Mercat de les Flors finaliz\u00f3 el 31 de octubre y durante las pr\u00f3ximas semanas tendr\u00e1 lugar todo el proceso para seleccionar el nuevo cargo. La comisi\u00f3n de valoraci\u00f3n estar\u00e1 formada por:<\/p>\n<p>A propuesta del Institut de Cultura de Barcelona:<\/p>\n<ul>\n<li>Jordi F\u00e0brega, director del Conservatorio Superior de Danza del Institut del Teatre de Barcelona<\/li>\n<li>Valent\u00ed Oviedo, gestor cultural, gerente del Institut de Cultura de Barcelona<\/li>\n<li>Xavier Marc\u00e9, gestor cultural, asesor del \u00e1rea de Cultura<\/li>\n<\/ul>\n<p>A propuesta del Departament de Cultura de la Generalitat de Catalunya:<\/p>\n<ul>\n<li>Josep Sol\u00e0, director de Servicios del Departament de Cultura<\/li>\n<li>N\u00e8lida Falc\u00f3, directora del \u00e1rea de Artes Esc\u00e9nicas del ICEC<\/li>\n<\/ul>\n<p>Adem\u00e1s de dos representantes de los asesores especialistas de los otros profesionales.<\/p>\n","protected":false},"excerpt":{"rendered":"<p>La comisi\u00f3n de valoraci\u00f3n para la direcci\u00f3n del consorcio Mercat [&hellip;]<\/p>\n","protected":false},"author":1,"featured_media":0,"comment_status":"open","ping_status":"open","sticky":false,"template":"","format":"standard","meta":[],"categories":[16],"tags":[],"_links":{"self":[{"href":"https:\/\/old.mercatflors.cat\/es\/wp-json\/wp\/v2\/posts\/20750\/"}],"collection":[{"href":"https:\/\/old.mercatflors.cat\/es\/wp-json\/wp\/v2\/posts\/"}],"about":[{"href":"https:\/\/old.mercatflors.cat\/es\/wp-json\/wp\/v2\/types\/post\/"}],"author":[{"embeddable":true,"href":"https:\/\/old.mercatflors.cat\/es\/wp-json\/wp\/v2\/users\/1\/"}],"replies":[{"embeddable":true,"href":"https:\/\/old.mercatflors.cat\/es\/wp-json\/wp\/v2\/comments\/?post=20750"}],"version-history":[{"count":0,"href":"https:\/\/old.mercatflors.cat\/es\/wp-json\/wp\/v2\/posts\/20750\/revisions\/"}],"wp:attachment":[{"href":"https:\/\/old.mercatflors.cat\/es\/wp-json\/wp\/v2\/media\/?parent=20750"}],"wp:term":[{"taxonomy":"category","embeddable":true,"href":"https:\/\/old.mercatflors.cat\/es\/wp-json\/wp\/v2\/categories\/?post=20750"},{"taxonomy":"post_tag","embeddable":true,"href":"https:\/\/old.mercatflors.cat\/es\/wp-json\/wp\/v2\/tags\/?post=20750"}],"curies":[{"name":"wp","href":"https:\/\/api.w.org\/{rel}","templated":true}]}}