{"id":20824,"date":"2016-12-20T16:19:16","date_gmt":"2016-12-20T15:19:16","guid":{"rendered":"https:\/\/old.mercatflors.cat\/?p=20824"},"modified":"2017-03-10T11:39:21","modified_gmt":"2017-03-10T10:39:21","slug":"el-concurso-del-proyecto-tot-dansa-17-se-resuelve-a-favor-de-ines-boza","status":"publish","type":"post","link":"https:\/\/old.mercatflors.cat\/es\/actualidad\/el-concurso-del-proyecto-tot-dansa-17-se-resuelve-a-favor-de-ines-boza\/","title":{"rendered":"El concurso del proyecto TOT DANSA 17 se resuelve a favor de In\u00e9s Boza"},"content":{"rendered":"<p>La core\u00f3grafa y bailarina In\u00e9s Boza ser\u00e1 la nueva directora art\u00edstica del proyecto TOT DANSA.<\/p>\n<p>Organizado conjuntamente por el Institut Municipal de Educaci\u00f3 del Ayuntamiento de Barcelona, el Institut del Teatre y el Mercat de les Flors, TOT DANSA se dirige a los centros de educaci\u00f3n secundaria y de bachillerato p\u00fablicos. Tiene como objetivo dar a conocer al p\u00fablico joven -y desde su propio contexto de centro y profesorado-, c\u00f3digos y pr\u00e1cticas del lenguaje del movimiento y la danza contempor\u00e1nea. Durante todo el a\u00f1o, el core\u00f3grafo seleccionado se hace cargo de la formaci\u00f3n del profesorado, del proceso de creaci\u00f3n y de la direcci\u00f3n de la muestra del resultado final en el escenario del Mercat de les Flors en junio de 2017.<\/p>\n<p>El jurado de las tres instituciones ha valorado:<\/p>\n<p><em>La propuesta pedag\u00f3gica i art\u00edstica presentada por In\u00e9s Boza dibuja con rigor y poes\u00eda todo el proceso creativo con los profesores y los j\u00f3venes; su proyecto aporta ideas bien estructuradas del trabajo con adolescentes a partir de la investigaci\u00f3n art\u00edstica en la singularidad del movimiento y la presencia individual como camino para la integraci\u00f3n al grupo. La core\u00f3grafa merita as\u00ed mismo por sus conocimientos y experiencia de trabajo acreditado con j\u00f3venes y su amplia trayectoria profesional.<\/em><\/p>\n<p><em>De nuevo, este a\u00f1o los proyectos presentados han tenido un nivel muy remarcable. Des de las tres instituciones se agradece a los candidatos al concurso de esta edici\u00f3n la confianza en el proyecto, predisposici\u00f3n y valores aportados en cada una de las propuestas presentadas.<br \/>\n<\/em><\/p>\n<p>Cofundadora y actual directora de la compa\u00f1\u00eda SenZaTemPo (proyecto esc\u00e9nico pionero de teatro danza catal\u00e1n), In\u00e9s Boza tiene una extensa trayectoria de m\u00e1s de 20 a\u00f1os con numerosos espect\u00e1culos propios; adem\u00e1s tiene una amplia experiencia pedag\u00f3gica que ha desarrollado desde sus inicios profesionales.<\/p>\n<p>&nbsp;<\/p>\n","protected":false},"excerpt":{"rendered":"<p>La core\u00f3grafa y bailarina In\u00e9s Boza ser\u00e1 la nueva directora [&hellip;]<\/p>\n","protected":false},"author":1,"featured_media":0,"comment_status":"open","ping_status":"open","sticky":false,"template":"","format":"standard","meta":[],"categories":[16],"tags":[],"_links":{"self":[{"href":"https:\/\/old.mercatflors.cat\/es\/wp-json\/wp\/v2\/posts\/20824\/"}],"collection":[{"href":"https:\/\/old.mercatflors.cat\/es\/wp-json\/wp\/v2\/posts\/"}],"about":[{"href":"https:\/\/old.mercatflors.cat\/es\/wp-json\/wp\/v2\/types\/post\/"}],"author":[{"embeddable":true,"href":"https:\/\/old.mercatflors.cat\/es\/wp-json\/wp\/v2\/users\/1\/"}],"replies":[{"embeddable":true,"href":"https:\/\/old.mercatflors.cat\/es\/wp-json\/wp\/v2\/comments\/?post=20824"}],"version-history":[{"count":0,"href":"https:\/\/old.mercatflors.cat\/es\/wp-json\/wp\/v2\/posts\/20824\/revisions\/"}],"wp:attachment":[{"href":"https:\/\/old.mercatflors.cat\/es\/wp-json\/wp\/v2\/media\/?parent=20824"}],"wp:term":[{"taxonomy":"category","embeddable":true,"href":"https:\/\/old.mercatflors.cat\/es\/wp-json\/wp\/v2\/categories\/?post=20824"},{"taxonomy":"post_tag","embeddable":true,"href":"https:\/\/old.mercatflors.cat\/es\/wp-json\/wp\/v2\/tags\/?post=20824"}],"curies":[{"name":"wp","href":"https:\/\/api.w.org\/{rel}","templated":true}]}}