{"id":20862,"date":"2016-12-30T13:48:59","date_gmt":"2016-12-30T12:48:59","guid":{"rendered":"https:\/\/old.mercatflors.cat\/?p=20862"},"modified":"2017-03-10T11:37:28","modified_gmt":"2017-03-10T10:37:28","slug":"angels-margarit-nueva-directora-del-mercat-de-les-flors","status":"publish","type":"post","link":"https:\/\/old.mercatflors.cat\/es\/actualidad\/angels-margarit-nueva-directora-del-mercat-de-les-flors\/","title":{"rendered":"\u00c0ngels Margarit, nueva directora del Mercat de les Flors"},"content":{"rendered":"<p>El Consejo General del Consorcio del Mercat de les Flors, reunido esta ma\u00f1ana en el Ayuntamiento, despu\u00e9s de valorar las diferentes propuestas presentadas al concurso internacional para la nueva direcci\u00f3n, ha decidido que la direcci\u00f3n de la Casa de la Danza durante lo pr\u00f3ximos 4 a\u00f1os recaiga en la core\u00f3grafa catalana \u00c0ngels Margarit (Terrassa, Vall\u00e8s Occidental, 1960). La comisi\u00f3n de valoraci\u00f3n, que ha tenido en cuenta las recomendaciones de la comisi\u00f3n de asesores, ha valorado su trayectoria en el sector de la danza, el reconocimiento de la profesi\u00f3n, su vinculaci\u00f3n con proyectos educativos y su experiencia en la gesti\u00f3n de festivales. Estos son dos factorrs que la avalan para poder ser la nueva responsable del Mercat de les Flors y para continuar la labor que lo ha convertido en la Casa de la Danza m\u00e1s importante del Estado y en una de las m\u00e1s relevantes de Europa.<\/p>\n<p>La comisi\u00f3n de valoraci\u00f3n la han integrado Valent\u00ed Oviedo y Xavier Marc\u00e9, gerente y asesor de Presidencia del Instituto de Cultura de Barcelona respectivamente; Jordi F\u00e0brega, director del Conservatorio Superior de Danza del Institut del Teatre de Barcelona; Josep Sol\u00e0, director de Serveis del Departament de Cultura, y N\u00e8lida Falc\u00f3, directora del \u00e1rea de Artes Esc\u00e9nicas del Institut Catal\u00e0 de les Empreses Culturals (ICEC).<\/p>\n<p>Los miembros de la comisi\u00f3n de asesores asistentes han sido Eva Mart\u00ednez, programadora art\u00edstica del Sadler\u2019s Wells (Londres); Mar\u00eda Jos\u00e9 Cifuentes, directora art\u00edstica de NAVE (centro de creaci\u00f3n de las artes en vivo de Santiago de Chile); Margarida Troguet, ex directora art\u00edstica del Escorxador (Lleida); Montse Colomer, core\u00f3grafa independiente, bailarina, maestra de danza y miembro fundador de La Caldera; Josep Tugues, director art\u00edstico de L\u2019Auditori de Sant Cugat, y Pere Faura, core\u00f3grafo independiente.<\/p>\n<p><strong>\u00c0ngels Margarit<\/strong> se dedica a la danza en las diferentes vertientes de bailarina, pedagoga y core\u00f3grafa. Pertenece a la primera generaci\u00f3n de bailarines contempor\u00e1neos surgida a principios de los 80 en Barcelona. En el a\u00f1o 1985 crea su compa\u00f1\u00eda, Mudances.<\/p>\n<p>Sus espect\u00e1culos han sido coproducidos en importantes festivales y programaciones internacionales, y a lo largo de estos a\u00f1os ha presentado su trabajo en m\u00e1s de 25 pa\u00edses con numerosas creaciones.<\/p>\n<p>Ha recibido galardones como el Premi Nacional de Dansa de Catalunya por <em>Mudances <\/em>(86) y <em>T\u00e8rbola <\/em>(99), el Premi Nacional de interpretaci\u00f3n por <em>Atzavara <\/em>(91), el Premi Ciutat de Barcelona de Artes Esc\u00e9nicas por <em>Corol\u00b7la <\/em>(93) o el Premio Nacional de Danza del Ministerio de Cultura (2010).<\/p>\n<p>&nbsp;<\/p>\n","protected":false},"excerpt":{"rendered":"<p>El Consejo General del Consorcio del Mercat de les Flors, [&hellip;]<\/p>\n","protected":false},"author":1,"featured_media":0,"comment_status":"open","ping_status":"open","sticky":false,"template":"","format":"standard","meta":[],"categories":[16],"tags":[],"_links":{"self":[{"href":"https:\/\/old.mercatflors.cat\/es\/wp-json\/wp\/v2\/posts\/20862\/"}],"collection":[{"href":"https:\/\/old.mercatflors.cat\/es\/wp-json\/wp\/v2\/posts\/"}],"about":[{"href":"https:\/\/old.mercatflors.cat\/es\/wp-json\/wp\/v2\/types\/post\/"}],"author":[{"embeddable":true,"href":"https:\/\/old.mercatflors.cat\/es\/wp-json\/wp\/v2\/users\/1\/"}],"replies":[{"embeddable":true,"href":"https:\/\/old.mercatflors.cat\/es\/wp-json\/wp\/v2\/comments\/?post=20862"}],"version-history":[{"count":0,"href":"https:\/\/old.mercatflors.cat\/es\/wp-json\/wp\/v2\/posts\/20862\/revisions\/"}],"wp:attachment":[{"href":"https:\/\/old.mercatflors.cat\/es\/wp-json\/wp\/v2\/media\/?parent=20862"}],"wp:term":[{"taxonomy":"category","embeddable":true,"href":"https:\/\/old.mercatflors.cat\/es\/wp-json\/wp\/v2\/categories\/?post=20862"},{"taxonomy":"post_tag","embeddable":true,"href":"https:\/\/old.mercatflors.cat\/es\/wp-json\/wp\/v2\/tags\/?post=20862"}],"curies":[{"name":"wp","href":"https:\/\/api.w.org\/{rel}","templated":true}]}}