{"id":20933,"date":"2017-01-27T13:23:38","date_gmt":"2017-01-27T12:23:38","guid":{"rendered":"https:\/\/old.mercatflors.cat\/?p=20933"},"modified":"2017-04-24T16:27:26","modified_gmt":"2017-04-24T15:27:26","slug":"la-obra-social-la-caixa-y-el-mercat-de-les-flors-impulsan-el-dan-dan-dansa","status":"publish","type":"post","link":"https:\/\/old.mercatflors.cat\/es\/actualidad\/la-obra-social-la-caixa-y-el-mercat-de-les-flors-impulsan-el-dan-dan-dansa\/","title":{"rendered":"La Obra Social \u201cla Caixa\u201d y el Mercat de les Flors impulsan el Dan Dan Dansa"},"content":{"rendered":"<p>Dan Dans Dansa nace a partir de una colaboraci\u00f3n entre el Mercat de les Flors y la Obra Social \u201cla Caixa\u201d. Es un nuevo recurso educativo online dirigido a docentes de educaci\u00f3n infantil y primaria que quieren acercar el mundo del cuerpo, del movimiento y de la expresi\u00f3n creativa en el aula.<\/p>\n<p>Dan Dan Dansa es una herramienta para los maestros que quieran introducirse en el mundo de la danza y que quieran compartir este nuevo aprendizaje con sus alumnos de 3 hasta 12 a\u00f1os. A trav\u00e9s de este recurso, los y las alumnas podr\u00e1n aprender a generar un di\u00e1logo con el propio cuerpo, a escucharlo; conocer las propias posibilidades de movimiento: tono, respiraci\u00f3n, relajaci\u00f3n, movilidad, expresi\u00f3n, l\u00edmites, equilibrio, actitud y postura corporal; descubrir nuevos movimientos, experimentar nuevas sensaciones. En definitiva, adquirir consciencia corporal. Y el hecho de que lo hagan en edades tempranas favorece que r\u00e1pidamente inicien un proceso da autoconocimiento a trav\u00e9s del cuerpo, \u00edntimamente relacionado con el desarrollo de la personalidad y la adquisici\u00f3n de autoestima.<\/p>\n<p>Los maestros pueden acceder al Dan Dan Dansa a trav\u00e9s del portal <a href=\"http:\/\/www.caixaescena.org\">www.caixaescena.org<\/a><\/p>\n<p><strong><span style=\"color: #3366ff;\"><a style=\"color: #3366ff;\" href=\"https:\/\/old.mercatflors.cat\/wp-content\/uploads\/2017\/01\/NdP-Presentaci\u00f3-Dan-Dan-Dansa-CaixaEscena-i-Mercat-de-les-Flors.pdf%20\" target=\"_blank\" rel=\"noopener noreferrer\">+ INFO<\/a><\/span><\/strong><\/p>\n<p><strong><span style=\"color: #3366ff;\"><a style=\"color: #3366ff;\" href=\"http:\/\/players.brightcove.net\/1409180665001\/default_default\/index.html?videoId=5299800263001\" target=\"_blank\" rel=\"noopener noreferrer\">CLIP<\/a><\/span><\/strong><\/p>\n","protected":false},"excerpt":{"rendered":"<p>Dan Dans Dansa nace a partir de una colaboraci\u00f3n entre [&hellip;]<\/p>\n","protected":false},"author":1,"featured_media":0,"comment_status":"open","ping_status":"open","sticky":false,"template":"","format":"standard","meta":[],"categories":[16],"tags":[],"_links":{"self":[{"href":"https:\/\/old.mercatflors.cat\/es\/wp-json\/wp\/v2\/posts\/20933\/"}],"collection":[{"href":"https:\/\/old.mercatflors.cat\/es\/wp-json\/wp\/v2\/posts\/"}],"about":[{"href":"https:\/\/old.mercatflors.cat\/es\/wp-json\/wp\/v2\/types\/post\/"}],"author":[{"embeddable":true,"href":"https:\/\/old.mercatflors.cat\/es\/wp-json\/wp\/v2\/users\/1\/"}],"replies":[{"embeddable":true,"href":"https:\/\/old.mercatflors.cat\/es\/wp-json\/wp\/v2\/comments\/?post=20933"}],"version-history":[{"count":0,"href":"https:\/\/old.mercatflors.cat\/es\/wp-json\/wp\/v2\/posts\/20933\/revisions\/"}],"wp:attachment":[{"href":"https:\/\/old.mercatflors.cat\/es\/wp-json\/wp\/v2\/media\/?parent=20933"}],"wp:term":[{"taxonomy":"category","embeddable":true,"href":"https:\/\/old.mercatflors.cat\/es\/wp-json\/wp\/v2\/categories\/?post=20933"},{"taxonomy":"post_tag","embeddable":true,"href":"https:\/\/old.mercatflors.cat\/es\/wp-json\/wp\/v2\/tags\/?post=20933"}],"curies":[{"name":"wp","href":"https:\/\/api.w.org\/{rel}","templated":true}]}}