{"id":21163,"date":"2017-03-20T15:02:27","date_gmt":"2017-03-20T14:02:27","guid":{"rendered":"https:\/\/old.mercatflors.cat\/?p=21163"},"modified":"2017-04-24T16:25:39","modified_gmt":"2017-04-24T15:25:39","slug":"en-marcha-el-concurso-para-la-direccion-coreografica-para-la-produccion-de-danza-del-plan-de-impulso-de-la-danza-1617","status":"publish","type":"post","link":"https:\/\/old.mercatflors.cat\/es\/actualidad\/en-marcha-el-concurso-para-la-direccion-coreografica-para-la-produccion-de-danza-del-plan-de-impulso-de-la-danza-1617\/","title":{"rendered":"En marcha el Concurso para la Direcci\u00f3n coreogr\u00e1fica de la Producci\u00f3n de Danza del Plan de Impulso de la Danza 16\/17"},"content":{"rendered":"<p><strong>Se ponen en marcha la convocatoria p\u00fablica para la presentaci\u00f3n de candidaturas para la direcci\u00f3n coreogr\u00e1fica de la Producci\u00f3n Nacional de Dansa que se estrenar\u00e1 en setiembre en el Mercat de les Flors, en el marco del Plan de Impulso de la Danza 2016-2017 y\u00a0con gira por el territorio.<\/strong><\/p>\n<p>Concebida como un encargo del Departament de Cultura, la Producci\u00f3n Nacional de Danza responde a los objetivos siguientes:<\/p>\n<ul>\n<li>Promover y\u00a0dar apoyo\u00a0a la creaci\u00f3n coreogr\u00e1fica de danza actual de medio\/gran formato vinculada a creadores y\u00a0artistas catalanes.<\/li>\n<li>Promover la relaci\u00f3n, cooperaci\u00f3n y\u00a0colaboraci\u00f3n entre los equipamientos p\u00fablicos de las artes esc\u00e9nicas del territorio en proyectos de producci\u00f3n y\u00a0difusi\u00f3n de la danza.<\/li>\n<li>Generar complicidades de producci\u00f3n o coproducci\u00f3n de espect\u00e1culos de danza con\u00a0espacios esc\u00e9nicos de creaci\u00f3n del territorio.<\/li>\n<li>Facilitar espacios de encuentro\u00a0y complicidad entre creadores, programadores y\u00a0gestores de equipamientos.<\/li>\n<li>Estimular la contrataci\u00f3n de la danza en los\u00a0equipamientos de medio\u00a0y gran espacio esc\u00e9nico.<\/li>\n<li>Promover un programa de actividades en el territorio destinadas al desarrollo de formaci\u00f3n y\u00a0creaci\u00f3n de p\u00fablicos que favorezca\u00a0su acceso a la danza.<\/li>\n<li>Promover la divulgaci\u00f3n y\u00a0difusi\u00f3n de las creaciones catalanas de danza para la red\u00a0de equipamientos p\u00fablicos de Catalunya.<\/li>\n<\/ul>\n<p><strong>La fecha l\u00edmite para la presentaci\u00f3n de instancias finaliza el 10 de abril de 2017.<\/strong><\/p>\n<p>Se pueden consultar las bases de la convocatoria y\u00a0el resto de la documentaci\u00f3n en el apartado de la web <a href=\"https:\/\/old.mercatflors.cat\/es\/el-mercat\/ofertas-de-trabajo\/\"><span style=\"color: #0000ff;\">Ofertas de trabajo\u00a0y\u00a0otras\u00a0convocatorias<\/span><\/a><\/p>\n","protected":false},"excerpt":{"rendered":"<p>Se ponen en marcha la convocatoria p\u00fablica para la presentaci\u00f3n [&hellip;]<\/p>\n","protected":false},"author":1,"featured_media":21159,"comment_status":"open","ping_status":"open","sticky":false,"template":"","format":"standard","meta":[],"categories":[16],"tags":[],"_links":{"self":[{"href":"https:\/\/old.mercatflors.cat\/es\/wp-json\/wp\/v2\/posts\/21163\/"}],"collection":[{"href":"https:\/\/old.mercatflors.cat\/es\/wp-json\/wp\/v2\/posts\/"}],"about":[{"href":"https:\/\/old.mercatflors.cat\/es\/wp-json\/wp\/v2\/types\/post\/"}],"author":[{"embeddable":true,"href":"https:\/\/old.mercatflors.cat\/es\/wp-json\/wp\/v2\/users\/1\/"}],"replies":[{"embeddable":true,"href":"https:\/\/old.mercatflors.cat\/es\/wp-json\/wp\/v2\/comments\/?post=21163"}],"version-history":[{"count":0,"href":"https:\/\/old.mercatflors.cat\/es\/wp-json\/wp\/v2\/posts\/21163\/revisions\/"}],"wp:featuredmedia":[{"embeddable":true,"href":"https:\/\/old.mercatflors.cat\/es\/wp-json\/wp\/v2\/media\/21159\/"}],"wp:attachment":[{"href":"https:\/\/old.mercatflors.cat\/es\/wp-json\/wp\/v2\/media\/?parent=21163"}],"wp:term":[{"taxonomy":"category","embeddable":true,"href":"https:\/\/old.mercatflors.cat\/es\/wp-json\/wp\/v2\/categories\/?post=21163"},{"taxonomy":"post_tag","embeddable":true,"href":"https:\/\/old.mercatflors.cat\/es\/wp-json\/wp\/v2\/tags\/?post=21163"}],"curies":[{"name":"wp","href":"https:\/\/api.w.org\/{rel}","templated":true}]}}