{"id":21232,"date":"2017-04-04T12:04:11","date_gmt":"2017-04-04T11:04:11","guid":{"rendered":"https:\/\/old.mercatflors.cat\/?p=21232\/"},"modified":"2017-06-12T15:57:07","modified_gmt":"2017-06-12T14:57:07","slug":"el-mercat-de-les-flors-graner-pone-en-marcha-un-proyecto-de-investigacion-sobre-nuevos-modelos-de-relacion-entre-las-artes-vivas-y-el-mercado-cultural","status":"publish","type":"post","link":"https:\/\/old.mercatflors.cat\/es\/actualidad\/el-mercat-de-les-flors-graner-pone-en-marcha-un-proyecto-de-investigacion-sobre-nuevos-modelos-de-relacion-entre-las-artes-vivas-y-el-mercado-cultural\/","title":{"rendered":"En marcha un proyecto de investigaci\u00f3n sobre nuevos modelos de relaci\u00f3n entre las Artes Vivas y el mercado cultural"},"content":{"rendered":"<p><strong>Un proyecto del Mercat de les Flors &#8211; Graner con el apoyo de la Fundaci\u00f3n Banc Sabadell<\/strong><\/p>\n<p>El proyecto PEA (Planes de Expansi\u00f3n Art\u00edstica) es una iniciativa del Mercat de les Flors y el Graner f\u00e1brica de creaci\u00f3n para desarrollar nuevos caminos que ayuden a las compa\u00f1\u00edas a establecer una relaci\u00f3n econ\u00f3mica justa con el entorno donde se desarrolla su labor. Con el apoyo de la Fundaci\u00f3n Banc\u00a0 Sabadell, el PEA surge como respuesta a una situaci\u00f3n de precariedad en la que se encuentran los creadores y las compa\u00f1\u00edas frecuentemente y trabajar\u00e1 con el objetivo de vincular estrategias de newmanagement en el mundo de la creaci\u00f3n esc\u00e9nica.<\/p>\n<p>En este contexto el PEA es una unidad de investigaci\u00f3n que quiere posibilitar la creaci\u00f3n de nuevos modelos organizativos eficaces, respetuosos con la creaci\u00f3n art\u00edstica y que quiere vincular de manera eficiente ambas partes, por un lado a los artistas y por el otro a la realidad del mercado cultural.<\/p>\n<p>Para llevar a cabo el proyecto se han seleccionado 5 artistas a partir de una convocatoria abierta: Societat Doctor Alonso, Aimar P\u00e9rez Gal\u00ed, B\u00e0rbara S\u00e1nchez, Jorge Dutor y Guillem Mon de Palol y El Conde de Torrefiel, que trabajar\u00e1n durante dos a\u00f1os conjuntamente y con un grupo de expertos, con quienes dise\u00f1ar\u00e1n acciones concretas para crear prototipos diferentes que encajen con su realidad y sus intereses i que se centren en encontrar nuevos modelos organizativos eficaces para ellos. As\u00ed mismo el PEA quiere crear puentes y nexos para que sean lo m\u00e1s transportables posibles a otras realidades del tejido art\u00edstico actual.<\/p>\n","protected":false},"excerpt":{"rendered":"<p>Un proyecto del Mercat de les Flors &#8211; Graner con [&hellip;]<\/p>\n","protected":false},"author":1,"featured_media":0,"comment_status":"open","ping_status":"open","sticky":false,"template":"","format":"standard","meta":[],"categories":[16],"tags":[],"_links":{"self":[{"href":"https:\/\/old.mercatflors.cat\/es\/wp-json\/wp\/v2\/posts\/21232\/"}],"collection":[{"href":"https:\/\/old.mercatflors.cat\/es\/wp-json\/wp\/v2\/posts\/"}],"about":[{"href":"https:\/\/old.mercatflors.cat\/es\/wp-json\/wp\/v2\/types\/post\/"}],"author":[{"embeddable":true,"href":"https:\/\/old.mercatflors.cat\/es\/wp-json\/wp\/v2\/users\/1\/"}],"replies":[{"embeddable":true,"href":"https:\/\/old.mercatflors.cat\/es\/wp-json\/wp\/v2\/comments\/?post=21232"}],"version-history":[{"count":0,"href":"https:\/\/old.mercatflors.cat\/es\/wp-json\/wp\/v2\/posts\/21232\/revisions\/"}],"wp:attachment":[{"href":"https:\/\/old.mercatflors.cat\/es\/wp-json\/wp\/v2\/media\/?parent=21232"}],"wp:term":[{"taxonomy":"category","embeddable":true,"href":"https:\/\/old.mercatflors.cat\/es\/wp-json\/wp\/v2\/categories\/?post=21232"},{"taxonomy":"post_tag","embeddable":true,"href":"https:\/\/old.mercatflors.cat\/es\/wp-json\/wp\/v2\/tags\/?post=21232"}],"curies":[{"name":"wp","href":"https:\/\/api.w.org\/{rel}","templated":true}]}}