{"id":21313,"date":"2017-04-28T12:18:02","date_gmt":"2017-04-28T11:18:02","guid":{"rendered":"https:\/\/old.mercatflors.cat\/?p=21313\/"},"modified":"2017-10-09T09:38:30","modified_gmt":"2017-10-09T08:38:30","slug":"premi-de-dansa-per-al-mercat","status":"publish","type":"post","link":"https:\/\/old.mercatflors.cat\/es\/actualidad\/premi-de-dansa-per-al-mercat\/","title":{"rendered":"Premio de Danza para el Mercat"},"content":{"rendered":"<p><strong><u>Dins de la 7\u00aa edici\u00f3 del Certamen Internacional de Dansa Ciutat de Barcelona<\/u><\/strong><\/p>\n<p>El Certamen Internacional de Danza Ciutat de Barcelona vuelve por s\u00e9ptimo a\u00f1o consecutivo al Mercat de les Flors para abrir las puertas del mercado profesional al joven talento de la danza venido de todo el mundo. Como novedad este a\u00f1o arrancan los Premios de la Danza de Barcelona que reconecen, en paralelo al certamen, las personalidades e instituciones que m\u00e1s han hecho por la danza.<\/p>\n<p>Del 4 al 7 de mayo j\u00f3venes bailarines de entre 12 y 22 a\u00f1os competir\u00e1n en las categor\u00edas de danza cl\u00e1sica, dansa internacional y danza espa\u00f1ola para conseguir becas, incorporaciones a las mejores escuelas del mundo o residencias en las compa\u00f1\u00edas profesionales. Participar permite a los futuros bailarines presentar sus trabajos y trabajar de la mano de grandes profesionales reconocidos internacionalmente.<\/p>\n<p>Este a\u00f1o los Premios de la Danza de Barcelona se suman al calendario del certamen. Estos nuevos galardones se entregar\u00e1n el 4 de mayo a las 20h en el Real C\u00edrculo Art\u00edstic. Los Premios de la Danza 2017 son para:<\/p>\n<ul>\n<li>Julio Bocca, a la trayectoria personal<\/li>\n<li>Mercat de les Flors, pot todos los a\u00f1os de difusi\u00f3n de la danza bajo la direcci\u00f3n de Francesc Casades\u00fas<\/li>\n<li>Ramon Oller, por la innovaci\u00f3n coreogr\u00e1fica<\/li>\n<li>Esbart Ciutat Comtal, por la divulgaci\u00f3n de las danzas populares de Catalunya, bajo la direcci\u00f3n de Llu\u00eds Calduch<\/li>\n<li>Federaci\u00f3n de Entidades Culturales Andaluzas en Catalunya, por la difusi\u00f3n permanente del flamenco durante las \u00faltimas d\u00e9cadas<\/li>\n<li>Universidad Rey Juan Carlos Instituto Universitario de Danza Alicia Alonso, por el trabajo de investigaci\u00f3n y divulgaci\u00f3n de la danza en el mundo<\/li>\n<\/ul>\n","protected":false},"excerpt":{"rendered":"<p>Dins de la 7\u00aa edici\u00f3 del Certamen Internacional de Dansa [&hellip;]<\/p>\n","protected":false},"author":1,"featured_media":0,"comment_status":"open","ping_status":"open","sticky":false,"template":"","format":"standard","meta":[],"categories":[16],"tags":[],"_links":{"self":[{"href":"https:\/\/old.mercatflors.cat\/es\/wp-json\/wp\/v2\/posts\/21313\/"}],"collection":[{"href":"https:\/\/old.mercatflors.cat\/es\/wp-json\/wp\/v2\/posts\/"}],"about":[{"href":"https:\/\/old.mercatflors.cat\/es\/wp-json\/wp\/v2\/types\/post\/"}],"author":[{"embeddable":true,"href":"https:\/\/old.mercatflors.cat\/es\/wp-json\/wp\/v2\/users\/1\/"}],"replies":[{"embeddable":true,"href":"https:\/\/old.mercatflors.cat\/es\/wp-json\/wp\/v2\/comments\/?post=21313"}],"version-history":[{"count":0,"href":"https:\/\/old.mercatflors.cat\/es\/wp-json\/wp\/v2\/posts\/21313\/revisions\/"}],"wp:attachment":[{"href":"https:\/\/old.mercatflors.cat\/es\/wp-json\/wp\/v2\/media\/?parent=21313"}],"wp:term":[{"taxonomy":"category","embeddable":true,"href":"https:\/\/old.mercatflors.cat\/es\/wp-json\/wp\/v2\/categories\/?post=21313"},{"taxonomy":"post_tag","embeddable":true,"href":"https:\/\/old.mercatflors.cat\/es\/wp-json\/wp\/v2\/tags\/?post=21313"}],"curies":[{"name":"wp","href":"https:\/\/api.w.org\/{rel}","templated":true}]}}