{"id":21352,"date":"2017-05-04T15:56:54","date_gmt":"2017-05-04T14:56:54","guid":{"rendered":"https:\/\/old.mercatflors.cat\/?p=21352\/"},"modified":"2017-05-29T12:02:17","modified_gmt":"2017-05-29T11:02:17","slug":"convocatoria-de-audicion-de-bailarines-profesionales-para-la-seleccion-de-interpretes-para-la-produccion-nacional-de-danza","status":"publish","type":"post","link":"https:\/\/old.mercatflors.cat\/es\/actualidad\/convocatoria-de-audicion-de-bailarines-profesionales-para-la-seleccion-de-interpretes-para-la-produccion-nacional-de-danza\/","title":{"rendered":"Convocatoria de audici\u00f3n de bailarines profesionales para la selecci\u00f3n de int\u00e9rpretes para la Producci\u00f3n Nacional de Danza"},"content":{"rendered":"<p>La Generalitat de Catalunya, en colaboraci\u00f3n con\u00a0el sector de la danza catalana, ha creado el Plan de Impulso de la Danza con\u00a0el objetivo de visibilizar y\u00a0promover la danza en el territorio catal\u00e1n a partir de unos programas\u00a0de acci\u00f3n.<\/p>\n<p>Uno de estos programas es la Producci\u00f3n Nacional de Danza, que se produce y\u00a0se coordina desde el Mercat de les Flors y\u00a0con la complicidad de los equipamientos esc\u00e9nicos municipales. Este programa propone producir piezas de gran formato esc\u00e9nico que se podr\u00e1n ver la pr\u00f3xima temporada en la programaci\u00f3n del Mercat de les Flors y\u00a0en expansi\u00f3n en\u00a0los teatros municipales del territorio.<\/p>\n<p>Para esta producci\u00f3n ya se ha realizado un concurso p\u00fablico de proyectos coreogr\u00e1ficos y\u00a0las propuestas elegidas han sido\u00a0las de Roser L\u00f3pez Espinosa y\u00a0Thomas Noone, que se presentar\u00e1n en un programa doble.<\/p>\n<p><strong>El objeto de esta convocatoria es la selecci\u00f3n de 8 bailarines para la creaci\u00f3n de estas dos piezas coreogr\u00e1ficas.<\/strong><\/p>\n<p>IMPORTANTE: Disponibilidad para los per\u00edodos de ensayos, funciones en el Mercat de les Flors y\u00a0gira por Catalunya especificados en el <em>Calendario de trabajo<\/em>\u00a0(ver el documento).<\/p>\n<p>Se\u00a0podr\u00e1n presentar solicitudes a la convocatoria hasta\u00a0el mi\u00e9rcoles 17 de mayo de 2017<\/p>\n<p><a href=\"https:\/\/old.mercatflors.cat\/wp-content\/uploads\/2017\/05\/Convocat\u00f2ria-ballarins-PND.pdf\"><span style=\"color: #0000ff;\">Consulta y\u00a0desc\u00e1rgate las bases de la convocatoria (en catal\u00e1n)<\/span><\/a><\/p>\n","protected":false},"excerpt":{"rendered":"<p>La Generalitat de Catalunya, en colaboraci\u00f3n con\u00a0el sector de la [&hellip;]<\/p>\n","protected":false},"author":1,"featured_media":21349,"comment_status":"open","ping_status":"open","sticky":false,"template":"","format":"standard","meta":[],"categories":[16],"tags":[],"_links":{"self":[{"href":"https:\/\/old.mercatflors.cat\/es\/wp-json\/wp\/v2\/posts\/21352\/"}],"collection":[{"href":"https:\/\/old.mercatflors.cat\/es\/wp-json\/wp\/v2\/posts\/"}],"about":[{"href":"https:\/\/old.mercatflors.cat\/es\/wp-json\/wp\/v2\/types\/post\/"}],"author":[{"embeddable":true,"href":"https:\/\/old.mercatflors.cat\/es\/wp-json\/wp\/v2\/users\/1\/"}],"replies":[{"embeddable":true,"href":"https:\/\/old.mercatflors.cat\/es\/wp-json\/wp\/v2\/comments\/?post=21352"}],"version-history":[{"count":0,"href":"https:\/\/old.mercatflors.cat\/es\/wp-json\/wp\/v2\/posts\/21352\/revisions\/"}],"wp:featuredmedia":[{"embeddable":true,"href":"https:\/\/old.mercatflors.cat\/es\/wp-json\/wp\/v2\/media\/21349\/"}],"wp:attachment":[{"href":"https:\/\/old.mercatflors.cat\/es\/wp-json\/wp\/v2\/media\/?parent=21352"}],"wp:term":[{"taxonomy":"category","embeddable":true,"href":"https:\/\/old.mercatflors.cat\/es\/wp-json\/wp\/v2\/categories\/?post=21352"},{"taxonomy":"post_tag","embeddable":true,"href":"https:\/\/old.mercatflors.cat\/es\/wp-json\/wp\/v2\/tags\/?post=21352"}],"curies":[{"name":"wp","href":"https:\/\/api.w.org\/{rel}","templated":true}]}}