{"id":21587,"date":"2017-06-06T12:42:36","date_gmt":"2017-06-06T11:42:36","guid":{"rendered":"https:\/\/old.mercatflors.cat\/?p=21587\/"},"modified":"2017-07-04T12:09:41","modified_gmt":"2017-07-04T11:09:41","slug":"rocio-molina-gana-un-premio-max-con-la-obra-caida-del-cielo-que-tuvimos-este-mayo-en-el-mercat","status":"publish","type":"post","link":"https:\/\/old.mercatflors.cat\/es\/actualidad\/rocio-molina-gana-un-premio-max-con-la-obra-caida-del-cielo-que-tuvimos-este-mayo-en-el-mercat\/","title":{"rendered":"Roc\u00edo Molina gana un premio MAX con la obra Ca\u00edda del cielo, que tuvimos este mayo en el Mercat"},"content":{"rendered":"<p>El lunes 5 de junio se otorgaron los Premios Max en una nueva edici\u00f3n celebrada en el Valencia y en el que result\u00f3 ganadora por el Mejor Espect\u00e1culo de Danza la bailaora y creadora Roc\u00edo Molina con <em>Ca\u00edda del Cielo<\/em>. Este espect\u00e1culo inaugur\u00f3 el festival Ciutat Flamenco este mes de mayo en el Mercat. (Puedes ver la ficha del espect\u00e1culo <span style=\"color: #0000ff;\"><strong><a style=\"color: #0000ff;\" href=\"https:\/\/old.mercatflors.cat\/es\/espectacle\/ciutat-flamenco-2017-diptico-2\/\">AQU\u00cd<\/a><\/strong><\/span>).<\/p>\n<p>Desde el Mercat de les Flors Flores queremos felicitar al artista y estamos especialmente contentos porque este espacio ha programado varios de sus espect\u00e1culos y ha sido una artista de la casa desde sus inicios.<\/p>\n<p>Tambi\u00e9n han sido nominados a los Premios Max las piezas <a href=\"https:\/\/old.mercatflors.cat\/es\/espectacle\/vuelos-2\/\"><span style=\"color: #0000ff;\"><strong><em>Vuelos<\/em><\/strong><\/span><\/a>, de Aracaladanza (que hemos tenido esta temporada en el Mercat) y<em> La partida<\/em>, de Vero Cendoya, que veremos el pr\u00f3ximo mes de febrero.<\/p>\n","protected":false},"excerpt":{"rendered":"<p>El lunes 5 de junio se otorgaron los Premios Max [&hellip;]<\/p>\n","protected":false},"author":1,"featured_media":0,"comment_status":"open","ping_status":"open","sticky":false,"template":"","format":"standard","meta":[],"categories":[16],"tags":[],"_links":{"self":[{"href":"https:\/\/old.mercatflors.cat\/es\/wp-json\/wp\/v2\/posts\/21587\/"}],"collection":[{"href":"https:\/\/old.mercatflors.cat\/es\/wp-json\/wp\/v2\/posts\/"}],"about":[{"href":"https:\/\/old.mercatflors.cat\/es\/wp-json\/wp\/v2\/types\/post\/"}],"author":[{"embeddable":true,"href":"https:\/\/old.mercatflors.cat\/es\/wp-json\/wp\/v2\/users\/1\/"}],"replies":[{"embeddable":true,"href":"https:\/\/old.mercatflors.cat\/es\/wp-json\/wp\/v2\/comments\/?post=21587"}],"version-history":[{"count":0,"href":"https:\/\/old.mercatflors.cat\/es\/wp-json\/wp\/v2\/posts\/21587\/revisions\/"}],"wp:attachment":[{"href":"https:\/\/old.mercatflors.cat\/es\/wp-json\/wp\/v2\/media\/?parent=21587"}],"wp:term":[{"taxonomy":"category","embeddable":true,"href":"https:\/\/old.mercatflors.cat\/es\/wp-json\/wp\/v2\/categories\/?post=21587"},{"taxonomy":"post_tag","embeddable":true,"href":"https:\/\/old.mercatflors.cat\/es\/wp-json\/wp\/v2\/tags\/?post=21587"}],"curies":[{"name":"wp","href":"https:\/\/api.w.org\/{rel}","templated":true}]}}