{"id":21636,"date":"2017-06-12T10:58:12","date_gmt":"2017-06-12T09:58:12","guid":{"rendered":"https:\/\/old.mercatflors.cat\/?p=21636\/"},"modified":"2017-10-09T09:37:22","modified_gmt":"2017-10-09T08:37:22","slug":"seleccionados-los-bailarines-de-la-produccion-nacional-de-danza","status":"publish","type":"post","link":"https:\/\/old.mercatflors.cat\/es\/actualidad\/seleccionados-los-bailarines-de-la-produccion-nacional-de-danza\/","title":{"rendered":"Seleccionados los bailarines de la Producci\u00f3n Nacional de Danza"},"content":{"rendered":"<p>Despu\u00e9s de la audici\u00f3n celebrada el pasado mes de mayo ya han sido seleccionados los bailarines que interpretar\u00e1n las dos coreograf\u00edas que componen la Producci\u00f3n Nacional de Danza. La PND forma parte del Plan de Impulso a la Danza que ha puesto en marcha el Departamento de Cultura de la Generalitat, que ha encargado al Mercat de las Flors su coordinaci\u00f3n y gesti\u00f3n.<\/p>\n<p>Ser\u00e1n dos piezas que crear\u00e1n dos core\u00f3grafos que fueron elegidos en convocatoria p\u00fablica: Roser L\u00f3pez Espinosa y Thomas Noone, que ofrecer\u00e1n las piezas <em>L\u2019estol <\/em>y <em>Many<\/em>, respectivamente.<\/p>\n<p>Los nombres de los bailarines seleccionados son Iris Borras Anglada, Nora Baylach Delgado, Samuel Minguill\u00f3n, Maria Hernando Blasco, Enrique L\u00f3pez Flores, Roberto Provenzano, Daniel Rosado \u00c1vila y Andrea Vallescar Garc\u00eda O\u2019meany.<\/p>\n<p>La Producci\u00f3n Nacional de Danza se estrenar\u00e1 en el Mercat de les Flors el pr\u00f3ximo 28 de septiembre y ya tiene cerrada una gira por 17 municipios de toda Catalunya durante los meses posteriores a la presentaci\u00f3n.<\/p>\n","protected":false},"excerpt":{"rendered":"<p>Despu\u00e9s de la audici\u00f3n celebrada el pasado mes de mayo [&hellip;]<\/p>\n","protected":false},"author":1,"featured_media":0,"comment_status":"open","ping_status":"open","sticky":false,"template":"","format":"standard","meta":[],"categories":[16],"tags":[],"_links":{"self":[{"href":"https:\/\/old.mercatflors.cat\/es\/wp-json\/wp\/v2\/posts\/21636\/"}],"collection":[{"href":"https:\/\/old.mercatflors.cat\/es\/wp-json\/wp\/v2\/posts\/"}],"about":[{"href":"https:\/\/old.mercatflors.cat\/es\/wp-json\/wp\/v2\/types\/post\/"}],"author":[{"embeddable":true,"href":"https:\/\/old.mercatflors.cat\/es\/wp-json\/wp\/v2\/users\/1\/"}],"replies":[{"embeddable":true,"href":"https:\/\/old.mercatflors.cat\/es\/wp-json\/wp\/v2\/comments\/?post=21636"}],"version-history":[{"count":0,"href":"https:\/\/old.mercatflors.cat\/es\/wp-json\/wp\/v2\/posts\/21636\/revisions\/"}],"wp:attachment":[{"href":"https:\/\/old.mercatflors.cat\/es\/wp-json\/wp\/v2\/media\/?parent=21636"}],"wp:term":[{"taxonomy":"category","embeddable":true,"href":"https:\/\/old.mercatflors.cat\/es\/wp-json\/wp\/v2\/categories\/?post=21636"},{"taxonomy":"post_tag","embeddable":true,"href":"https:\/\/old.mercatflors.cat\/es\/wp-json\/wp\/v2\/tags\/?post=21636"}],"curies":[{"name":"wp","href":"https:\/\/api.w.org\/{rel}","templated":true}]}}