{"id":21696,"date":"2017-06-15T11:51:29","date_gmt":"2017-06-15T10:51:29","guid":{"rendered":"https:\/\/old.mercatflors.cat\/?p=21696\/"},"modified":"2017-07-04T12:09:14","modified_gmt":"2017-07-04T11:09:14","slug":"danza-aerea-en-el-mercat-el-22-de-junio-con-la-compania-onair-y-200-acrobatas-en-escena","status":"publish","type":"post","link":"https:\/\/old.mercatflors.cat\/es\/actualidad\/danza-aerea-en-el-mercat-el-22-de-junio-con-la-compania-onair-y-200-acrobatas-en-escena\/","title":{"rendered":"Danza a\u00e9rea en el Mercat el 22 de junio con la escuela ONAIR y 200 acr\u00f3batas en escena"},"content":{"rendered":"<p><strong>El pr\u00f3ximo\u00a0jueves 22 de junio acogemos el Festival de final de curso de la escuela ONAIR, que presenta una adaptaci\u00f3n del cl\u00e1sico de Jules Verne <em>Viaje al centro de La Tierra<\/em><\/strong><\/p>\n<p><img decoding=\"async\" loading=\"lazy\" class=\"alignleft wp-image-21693\" src=\"https:\/\/old.mercatflors.cat\/wp-content\/uploads\/2017\/06\/Sneffels_cartel_fb_ig-2-346x490.jpg\" alt=\"\" width=\"200\" height=\"283\" srcset=\"https:\/\/old.mercatflors.cat\/wp-content\/uploads\/2017\/06\/Sneffels_cartel_fb_ig-2-346x490.jpg 346w, https:\/\/old.mercatflors.cat\/wp-content\/uploads\/2017\/06\/Sneffels_cartel_fb_ig-2-350x495.jpg 350w, https:\/\/old.mercatflors.cat\/wp-content\/uploads\/2017\/06\/Sneffels_cartel_fb_ig-2-768x1086.jpg 768w\" sizes=\"(max-width: 200px) 100vw, 200px\" \/><\/p>\n<p>El profesor y ge\u00f3logo alem\u00e1n Otto Liddenbrock inicia en Islandia su viaje al centro de la Tierra guiado por un escrito de Arne Saknussemm, un sabio island\u00e9s del siglo XII. En el transcurso del viaje es acompa\u00f1ado por el gu\u00eda nativo Hans y por su ayudante Axel. \u00c9ste, vivir\u00e1 una historia de amor en paralelo con Grauven, la sobrina del profesor. El tr\u00edo, que se introduce por un volc\u00e1n en el interior del globo terr\u00e1queo, vivir\u00e1 una serie de peripecias, incluyendo el asombroso descubrimiento de un mundo desconocido enterrado en las profundidades.<\/p>\n<p>De la adaptaci\u00f3n del cl\u00e1sico de Julio Verne, <em>Viaje al centro de La Tierra<\/em>, Onair ha creado con m\u00e1s de sus 200 alumnos el espect\u00e1culo de danza a\u00e9rea de final de curso. Aros, telas, cuerdas, trapecios, arneses\u2026 todo ello nos ayudar\u00e1, a volar hacia el centro de La Tierra.<\/p>\n<p>Direcci\u00f3n art\u00edstica: Jorge Alcover<br \/>\nDirecci\u00f3n de actores: Santi Rovira<br \/>\nActores: Cesc Cornet, Omar Puga, Ernest Feliu, Silvia Gil, Cristina Pericas, Laia Cubilles y Manuela Ceccoli<br \/>\nDise\u00f1o de iluminaci\u00f3n: Jordi P\u00e9rez<br \/>\nRigging: Vol\u00e0til Rigging<\/p>\n","protected":false},"excerpt":{"rendered":"<p>El pr\u00f3ximo\u00a0jueves 22 de junio acogemos el Festival de final [&hellip;]<\/p>\n","protected":false},"author":1,"featured_media":0,"comment_status":"open","ping_status":"open","sticky":false,"template":"","format":"standard","meta":[],"categories":[16],"tags":[],"_links":{"self":[{"href":"https:\/\/old.mercatflors.cat\/es\/wp-json\/wp\/v2\/posts\/21696\/"}],"collection":[{"href":"https:\/\/old.mercatflors.cat\/es\/wp-json\/wp\/v2\/posts\/"}],"about":[{"href":"https:\/\/old.mercatflors.cat\/es\/wp-json\/wp\/v2\/types\/post\/"}],"author":[{"embeddable":true,"href":"https:\/\/old.mercatflors.cat\/es\/wp-json\/wp\/v2\/users\/1\/"}],"replies":[{"embeddable":true,"href":"https:\/\/old.mercatflors.cat\/es\/wp-json\/wp\/v2\/comments\/?post=21696"}],"version-history":[{"count":0,"href":"https:\/\/old.mercatflors.cat\/es\/wp-json\/wp\/v2\/posts\/21696\/revisions\/"}],"wp:attachment":[{"href":"https:\/\/old.mercatflors.cat\/es\/wp-json\/wp\/v2\/media\/?parent=21696"}],"wp:term":[{"taxonomy":"category","embeddable":true,"href":"https:\/\/old.mercatflors.cat\/es\/wp-json\/wp\/v2\/categories\/?post=21696"},{"taxonomy":"post_tag","embeddable":true,"href":"https:\/\/old.mercatflors.cat\/es\/wp-json\/wp\/v2\/tags\/?post=21696"}],"curies":[{"name":"wp","href":"https:\/\/api.w.org\/{rel}","templated":true}]}}