{"id":22158,"date":"2017-07-04T14:48:36","date_gmt":"2017-07-04T13:48:36","guid":{"rendered":"https:\/\/old.mercatflors.cat\/?p=22158\/"},"modified":"2017-07-19T15:29:39","modified_gmt":"2017-07-19T14:29:39","slug":"documental-y-actividad-sobre-la-tecnica-de-movimiento-gaga","status":"publish","type":"post","link":"https:\/\/old.mercatflors.cat\/es\/actualidad\/documental-y-actividad-sobre-la-tecnica-de-movimiento-gaga\/","title":{"rendered":"Documental y actividad sobre la t\u00e9cnica de movimiento Gaga"},"content":{"rendered":"<p>El s\u00e1bado 15 de julio a las 19:30 la Filmoteca de Catalunya proyectar\u00e1 el film de Tomer Heymann <em>Mr Gaga<\/em>: el director art\u00edstico de la compa\u00f1\u00eda Batsheva, Ohad Naharin, cre\u00f3 un nuevo lenguaje de movimiento, el Gaga. Este documental le sigue durante ocho a\u00f1os para capturar sus m\u00e9todos de trabajo, sus luchas personales y sus triunfos arti\u0301sticos. <a href=\"https:\/\/vimeo.com\/139907441\">Trailer <\/a><\/p>\n<p>Y el martes 18 de julio, a las 20 horas, tendr\u00e1 jugar una actividad gratuita sobre el Gaga. En ciudades como Tel Aviv o Nueva York esta t\u00e9cnica es practicada por todo tipo de p\u00fablico y en esta sesi\u00f3n se ofrecer\u00e1 una peque\u00f1a muestra de la actividad abierta a todo aquel interesado, independientemente del su entrenamiento f\u00edsico.<\/p>\n<p><strong><em>Proyecci\u00f3n del film<\/em><\/strong><br \/>\nS\u00e1bado 15 de julio a las 19:30 h<br \/>\nFilmoteca de Catalunya<br \/>\n4 \u20ac<\/p>\n<p><strong><em>Actividad<\/em><\/strong><br \/>\nMartes 18 de julio a las 20:00 h<br \/>\nInstitut del Teatre<br \/>\nActividad gratuita con\u00a0<u>aforo limitado<\/u><br \/>\nReservas: <a href=\"mailto:gaga@thisparty.org\">gaga@thisparty.org<\/a><\/p>\n<p>&nbsp;<\/p>\n","protected":false},"excerpt":{"rendered":"<p>El s\u00e1bado 15 de julio a las 19:30 la Filmoteca [&hellip;]<\/p>\n","protected":false},"author":1,"featured_media":0,"comment_status":"open","ping_status":"open","sticky":false,"template":"","format":"standard","meta":[],"categories":[16],"tags":[],"_links":{"self":[{"href":"https:\/\/old.mercatflors.cat\/es\/wp-json\/wp\/v2\/posts\/22158\/"}],"collection":[{"href":"https:\/\/old.mercatflors.cat\/es\/wp-json\/wp\/v2\/posts\/"}],"about":[{"href":"https:\/\/old.mercatflors.cat\/es\/wp-json\/wp\/v2\/types\/post\/"}],"author":[{"embeddable":true,"href":"https:\/\/old.mercatflors.cat\/es\/wp-json\/wp\/v2\/users\/1\/"}],"replies":[{"embeddable":true,"href":"https:\/\/old.mercatflors.cat\/es\/wp-json\/wp\/v2\/comments\/?post=22158"}],"version-history":[{"count":0,"href":"https:\/\/old.mercatflors.cat\/es\/wp-json\/wp\/v2\/posts\/22158\/revisions\/"}],"wp:attachment":[{"href":"https:\/\/old.mercatflors.cat\/es\/wp-json\/wp\/v2\/media\/?parent=22158"}],"wp:term":[{"taxonomy":"category","embeddable":true,"href":"https:\/\/old.mercatflors.cat\/es\/wp-json\/wp\/v2\/categories\/?post=22158"},{"taxonomy":"post_tag","embeddable":true,"href":"https:\/\/old.mercatflors.cat\/es\/wp-json\/wp\/v2\/tags\/?post=22158"}],"curies":[{"name":"wp","href":"https:\/\/api.w.org\/{rel}","templated":true}]}}