{"id":22167,"date":"2017-07-05T12:24:33","date_gmt":"2017-07-05T11:24:33","guid":{"rendered":"https:\/\/old.mercatflors.cat\/?p=22167\/"},"modified":"2017-10-09T09:36:55","modified_gmt":"2017-10-09T08:36:55","slug":"la-empresa-de-diseno-make-it-gas-ganadora-de-un-premio-laus-plata","status":"publish","type":"post","link":"https:\/\/old.mercatflors.cat\/es\/actualidad\/la-empresa-de-diseno-make-it-gas-ganadora-de-un-premio-laus-plata\/","title":{"rendered":"La empresa de dise\u00f1o Make it Gas, ganadora de un Premio Laus Plata"},"content":{"rendered":"<p>La Asociaci\u00f3n de Dise\u00f1adores Gr\u00e1ficos y Directores de Arte del FAD, ADG-FAD, ha otorgado los Premios Laus de Dise\u00f1o Gr\u00e1fico y Comunicaci\u00f3n Visual de Barcelona. Y este a\u00f1o el Premio Laus de Plata en la categor\u00eda de publicidad\/ espots ha reca\u00eddo en la empresa Make it Gas por el anuncio que realiz\u00f3 para el Mercat de les Flors la temporada anterior y que cont\u00f3 con la participaci\u00f3n de nuestro p\u00fablico.<\/p>\n<p>En su 46\u00aa edici\u00f3n y frente a la madurez lograda por el dise\u00f1o espa\u00f1ol actual, los Laus se renovaron. Estos premios, que nacieron con el prop\u00f3sito de promover estas disciplinas en la vida cultural y econ\u00f3mica del pa\u00eds, crecen con la intenci\u00f3n de potenciar la participaci\u00f3n internacional.<\/p>\n<p>A los Premios Laus 2016 se han presentado cerca de 1.200 proyectos, de los que han resultado ganadores 203 en cinco categor\u00edas diferentes: Dise\u00f1o Gr\u00e1fico, Digital, Creatividad Publicitaria, Audiovisuales y Estudiantes. Adem\u00e1s se entrega el Laus d\u2019Honor, el Premio Laus Empresas y Entidades y la tercera edici\u00f3n del premio Laus Aporta-Fundaci\u00f3 Banc Sabadell, que incluye las categor\u00edas de profesional y estudiante. Este a\u00f1o se han repartido un total de 2 Grands Laus, 1 Young Talent, 21 oros, 61 platas y 116 bronces.<\/p>\n<p>Puedes venir el anuncio <a href=\"https:\/\/www.youtube.com\/watch?v=eN4iW5JOA2U\">AQU\u00cd<\/a><\/p>\n","protected":false},"excerpt":{"rendered":"<p>La Asociaci\u00f3n de Dise\u00f1adores Gr\u00e1ficos y Directores de Arte del [&hellip;]<\/p>\n","protected":false},"author":1,"featured_media":0,"comment_status":"open","ping_status":"open","sticky":false,"template":"","format":"standard","meta":[],"categories":[16],"tags":[],"_links":{"self":[{"href":"https:\/\/old.mercatflors.cat\/es\/wp-json\/wp\/v2\/posts\/22167\/"}],"collection":[{"href":"https:\/\/old.mercatflors.cat\/es\/wp-json\/wp\/v2\/posts\/"}],"about":[{"href":"https:\/\/old.mercatflors.cat\/es\/wp-json\/wp\/v2\/types\/post\/"}],"author":[{"embeddable":true,"href":"https:\/\/old.mercatflors.cat\/es\/wp-json\/wp\/v2\/users\/1\/"}],"replies":[{"embeddable":true,"href":"https:\/\/old.mercatflors.cat\/es\/wp-json\/wp\/v2\/comments\/?post=22167"}],"version-history":[{"count":0,"href":"https:\/\/old.mercatflors.cat\/es\/wp-json\/wp\/v2\/posts\/22167\/revisions\/"}],"wp:attachment":[{"href":"https:\/\/old.mercatflors.cat\/es\/wp-json\/wp\/v2\/media\/?parent=22167"}],"wp:term":[{"taxonomy":"category","embeddable":true,"href":"https:\/\/old.mercatflors.cat\/es\/wp-json\/wp\/v2\/categories\/?post=22167"},{"taxonomy":"post_tag","embeddable":true,"href":"https:\/\/old.mercatflors.cat\/es\/wp-json\/wp\/v2\/tags\/?post=22167"}],"curies":[{"name":"wp","href":"https:\/\/api.w.org\/{rel}","templated":true}]}}