{"id":22381,"date":"2017-09-27T14:54:12","date_gmt":"2017-09-27T13:54:12","guid":{"rendered":"https:\/\/old.mercatflors.cat\/?p=22381\/"},"modified":"2017-10-09T09:36:00","modified_gmt":"2017-10-09T08:36:00","slug":"hacemos-bailar-la-coreografia-de-rosas-dasnt-rosas-a-los-institutos-de-secundaria","status":"publish","type":"post","link":"https:\/\/old.mercatflors.cat\/es\/actualidad\/hacemos-bailar-la-coreografia-de-rosas-dasnt-rosas-a-los-institutos-de-secundaria\/","title":{"rendered":"Hacemos bailar la coreograf\u00eda de &#8216;Rosas danst Rosas&#8217; en los Institutos de Secundaria"},"content":{"rendered":"<p>La compa\u00f1\u00eda belga Rosas, dirigida por Anne Teresa De Keersmaeker, ha desarrollado un proyecto para todas aquellas personas interesadas en participar: se trata de repetir unos fragmentos de su emblem\u00e1tica pieza <em>Rosas danst Rosas<\/em>, fragmentos que la compa\u00f1\u00eda recibe y selecciona para su web. La idea de la transmisi\u00f3n de la danza se concreta en esta acci\u00f3n, que el Mercat recoge y propone a una serie de Institutos p\u00fablicos de Secundaria de Barcelona.<\/p>\n<p>As\u00ed pues la bailarina y formadora de la compa\u00f1\u00eda Rosas Fumiyo Ikeda ha ense\u00f1ado esta coreograf\u00eda a 4 core\u00f3grafas seleccionadas por el Mercat de les Flor que a su tiempo ense\u00f1ar\u00e1n esta pauta coreogr\u00e1fica a alumnos de los Institutos durante 4 d\u00edas. Estos Institutos son el Dom\u00e8nech i Muntaner (con la profesora Lali Vidal y la core\u00f3grafa Nathalie Labiano); el Instituto Doctor Puigvert (con la profesora Montse Ciur\u00f3 y la core\u00f3grafa Raquel Gualtero); el Instituto Emperador Carlos (con la profesora Rosa Mar\u00eda Plana y la core\u00f3grafa Dory S\u00e1nchez); el Instituto Narc\u00eds Monturiol (con la profesora Carmen Castro y la core\u00f3grafa Mireia de Querol). Adem\u00e1s participa tambi\u00e9n el Instituto del Teatro con los alumnos del conservatorio profesional de danza y alumnos del conservatorio superior de danza.<\/p>\n<p><em>Rosas danst Rosas<\/em> fue estrenada en 1983 y se convirti\u00f3 en una referencia para la danza contempor\u00e1nea. Ahora la compa\u00f1\u00eda Rosas ha vuelto a representarla y podremos verla en el Mercat de les Flors del 5 al 8 de octubre.<\/p>\n<p>El resultado final se podr\u00e1 ver en el atrio del Instituto del Teatro el pr\u00f3ximo 3 de octubre por la ma\u00f1ana.<\/p>\n<p>&nbsp;<\/p>\n","protected":false},"excerpt":{"rendered":"<p>La compa\u00f1\u00eda belga Rosas, dirigida por Anne Teresa De Keersmaeker, [&hellip;]<\/p>\n","protected":false},"author":1,"featured_media":0,"comment_status":"open","ping_status":"open","sticky":false,"template":"","format":"standard","meta":[],"categories":[16],"tags":[],"_links":{"self":[{"href":"https:\/\/old.mercatflors.cat\/es\/wp-json\/wp\/v2\/posts\/22381\/"}],"collection":[{"href":"https:\/\/old.mercatflors.cat\/es\/wp-json\/wp\/v2\/posts\/"}],"about":[{"href":"https:\/\/old.mercatflors.cat\/es\/wp-json\/wp\/v2\/types\/post\/"}],"author":[{"embeddable":true,"href":"https:\/\/old.mercatflors.cat\/es\/wp-json\/wp\/v2\/users\/1\/"}],"replies":[{"embeddable":true,"href":"https:\/\/old.mercatflors.cat\/es\/wp-json\/wp\/v2\/comments\/?post=22381"}],"version-history":[{"count":0,"href":"https:\/\/old.mercatflors.cat\/es\/wp-json\/wp\/v2\/posts\/22381\/revisions\/"}],"wp:attachment":[{"href":"https:\/\/old.mercatflors.cat\/es\/wp-json\/wp\/v2\/media\/?parent=22381"}],"wp:term":[{"taxonomy":"category","embeddable":true,"href":"https:\/\/old.mercatflors.cat\/es\/wp-json\/wp\/v2\/categories\/?post=22381"},{"taxonomy":"post_tag","embeddable":true,"href":"https:\/\/old.mercatflors.cat\/es\/wp-json\/wp\/v2\/tags\/?post=22381"}],"curies":[{"name":"wp","href":"https:\/\/api.w.org\/{rel}","templated":true}]}}