{"id":22396,"date":"2017-10-01T17:32:02","date_gmt":"2017-10-01T16:32:02","guid":{"rendered":"https:\/\/old.mercatflors.cat\/?p=22396\/"},"modified":"2017-10-09T09:35:26","modified_gmt":"2017-10-09T08:35:26","slug":"suspendida-la-funcion-de-domingo-1-de-octubre","status":"publish","type":"post","link":"https:\/\/old.mercatflors.cat\/es\/actualidad\/suspendida-la-funcion-de-domingo-1-de-octubre\/","title":{"rendered":"Suspendida la funci\u00f3n del domingo 1 de octubre"},"content":{"rendered":"<p>Ante\u00a0los hechos sucedidos en las \u00faltimas horas en\u00a0Catalunya y\u00a0en rechazo a la actuaci\u00f3n antidemocr\u00e1tica, indigna\u00a0i desmedida de las fuerzas de la polic\u00eda nacional espa\u00f1ola, con\u00a0un ensa\u00f1amiento innecessario contra los ciudadanos en resistencia pac\u00edfica de este pa\u00eds, el teatro Mercat de les Flors suspende\u00a0su funci\u00f3n de hoy.<\/p>\n<p>Como entidad que trabaja por el conocimiento, el di\u00e1logo y\u00a0la cultura, condenamos a quienes dan apoyo\u00a0a este tipo de \u00a0acciones violentas y\u00a0primarias, que no son dignas de una sociedad como para la que trabajamos d\u00eda a d\u00eda desde nuestro\u00a0\u00e1mbito<\/p>\n<p>Entidades adheridas:<\/p>\n<p>Producci\u00f3 Nacional de Dansa<br \/>\nEl Graner Centre de Creaci\u00f3<br \/>\nAPDC, Associaci\u00f3 de Professionals de la Dansa de Catalunya<br \/>\nTeatre Principal d&#8217;Olot<br \/>\nTeatre Fortuny de Reus<br \/>\nTeatre Monumental de Matar\u00f3<br \/>\nTeatre Kursaal de Manresa<br \/>\nTeatre l\u2019Atl\u00e0ntida de Vic<br \/>\nTeatre de la Llotja de Lleida<br \/>\nAtrium Viladecans<br \/>\nTeatre Joventut de L&#8217;Hospitalet de Llobregat<br \/>\nTeatre Principal de Vilanova i la Geltr\u00fa<br \/>\nTeatre Zorrilla de Badalona<br \/>\nTeatre Auditori Felip Pedrell de Tortosa<br \/>\nTeatre\u2013Auditori Sant Cugat del Vall\u00e8s<br \/>\nTeatre Josep Maria de Sagarra de Santa Coloma de Gramenet<br \/>\nTeatre Municipal El Jard\u00ed de Figueres<br \/>\nTeatre Alegria de Terrassa<br \/>\nTeatre Municipal de Girona<br \/>\nTeatre Auditori de Granollers<br \/>\nTeatre Principal de Sabadell<\/p>\n","protected":false},"excerpt":{"rendered":"<p>Ante\u00a0los hechos sucedidos en las \u00faltimas horas en\u00a0Catalunya y\u00a0en rechazo [&hellip;]<\/p>\n","protected":false},"author":1,"featured_media":0,"comment_status":"open","ping_status":"open","sticky":false,"template":"","format":"standard","meta":[],"categories":[16],"tags":[],"_links":{"self":[{"href":"https:\/\/old.mercatflors.cat\/es\/wp-json\/wp\/v2\/posts\/22396\/"}],"collection":[{"href":"https:\/\/old.mercatflors.cat\/es\/wp-json\/wp\/v2\/posts\/"}],"about":[{"href":"https:\/\/old.mercatflors.cat\/es\/wp-json\/wp\/v2\/types\/post\/"}],"author":[{"embeddable":true,"href":"https:\/\/old.mercatflors.cat\/es\/wp-json\/wp\/v2\/users\/1\/"}],"replies":[{"embeddable":true,"href":"https:\/\/old.mercatflors.cat\/es\/wp-json\/wp\/v2\/comments\/?post=22396"}],"version-history":[{"count":0,"href":"https:\/\/old.mercatflors.cat\/es\/wp-json\/wp\/v2\/posts\/22396\/revisions\/"}],"wp:attachment":[{"href":"https:\/\/old.mercatflors.cat\/es\/wp-json\/wp\/v2\/media\/?parent=22396"}],"wp:term":[{"taxonomy":"category","embeddable":true,"href":"https:\/\/old.mercatflors.cat\/es\/wp-json\/wp\/v2\/categories\/?post=22396"},{"taxonomy":"post_tag","embeddable":true,"href":"https:\/\/old.mercatflors.cat\/es\/wp-json\/wp\/v2\/tags\/?post=22396"}],"curies":[{"name":"wp","href":"https:\/\/api.w.org\/{rel}","templated":true}]}}