{"id":22486,"date":"2017-10-27T08:47:57","date_gmt":"2017-10-27T07:47:57","guid":{"rendered":"https:\/\/old.mercatflors.cat\/?p=22486\/"},"modified":"2017-11-30T10:18:41","modified_gmt":"2017-11-30T09:18:41","slug":"se-convoca-concurso-para-escoger-el-coreografo-del-tot-dansa-18","status":"publish","type":"post","link":"https:\/\/old.mercatflors.cat\/es\/actualidad\/se-convoca-concurso-para-escoger-el-coreografo-del-tot-dansa-18\/","title":{"rendered":"Se convoca concurso para escoger el core\u00f3grafo del TOT DANSA 18"},"content":{"rendered":"<p>Ya se han publicado las bases de la convocatoria del concurso que seleccionar\u00e1 el pr\u00f3ximo core\u00f3grafo del proyecto TOT DANSA. Organizado conjuntamente por el Institut Municipal de Educaci\u00f3n del Ayuntamiento de Barcelona, el Institut del Teatre y el Mercat de les Flors, TOT DANSA se dirige a los centros de educaci\u00f3n secundaria y de bachillerato p\u00fablicos. Tiene como objetivo dar a conocer al p\u00fablico joven -y desde su propio contexto de centro y profesorado-, c\u00f3digos y pr\u00e1cticas del lenguaje del movimiento y la danza contempor\u00e1nea.<\/p>\n<p>Durante todo el a\u00f1o, el core\u00f3grafo seleccionado se hace cargo de la formaci\u00f3n del profesorado, del proceso de creaci\u00f3n y de la direcci\u00f3n de la muestra del resultado final en el escenario del Mercat de les Flors el mes de mayo de 2018.<\/p>\n<p>Debido a problemas inform\u00e1ticos en el env\u00edo del emailing que ocasionaron un env\u00edo incompleto a los destinatarios el plazo para presentar la documentaci\u00f3n es el 28 de noviembre de 2017 a las 14:00 horas.<\/p>\n<p>Consulta les bases <a href=\"https:\/\/old.mercatflors.cat\/wp-content\/uploads\/2017\/10\/Concurs_coreog_direc_artist_TotDansa_esborrany17-18_.pdf\">AQU\u00cd<\/a><\/p>\n","protected":false},"excerpt":{"rendered":"<p>Ya se han publicado las bases de la convocatoria del [&hellip;]<\/p>\n","protected":false},"author":1,"featured_media":0,"comment_status":"open","ping_status":"open","sticky":false,"template":"","format":"standard","meta":[],"categories":[16],"tags":[],"_links":{"self":[{"href":"https:\/\/old.mercatflors.cat\/es\/wp-json\/wp\/v2\/posts\/22486\/"}],"collection":[{"href":"https:\/\/old.mercatflors.cat\/es\/wp-json\/wp\/v2\/posts\/"}],"about":[{"href":"https:\/\/old.mercatflors.cat\/es\/wp-json\/wp\/v2\/types\/post\/"}],"author":[{"embeddable":true,"href":"https:\/\/old.mercatflors.cat\/es\/wp-json\/wp\/v2\/users\/1\/"}],"replies":[{"embeddable":true,"href":"https:\/\/old.mercatflors.cat\/es\/wp-json\/wp\/v2\/comments\/?post=22486"}],"version-history":[{"count":0,"href":"https:\/\/old.mercatflors.cat\/es\/wp-json\/wp\/v2\/posts\/22486\/revisions\/"}],"wp:attachment":[{"href":"https:\/\/old.mercatflors.cat\/es\/wp-json\/wp\/v2\/media\/?parent=22486"}],"wp:term":[{"taxonomy":"category","embeddable":true,"href":"https:\/\/old.mercatflors.cat\/es\/wp-json\/wp\/v2\/categories\/?post=22486"},{"taxonomy":"post_tag","embeddable":true,"href":"https:\/\/old.mercatflors.cat\/es\/wp-json\/wp\/v2\/tags\/?post=22486"}],"curies":[{"name":"wp","href":"https:\/\/api.w.org\/{rel}","templated":true}]}}