{"id":22496,"date":"2017-10-27T12:33:27","date_gmt":"2017-10-27T11:33:27","guid":{"rendered":"https:\/\/old.mercatflors.cat\/?p=22496\/"},"modified":"2017-11-02T12:51:45","modified_gmt":"2017-11-02T11:51:45","slug":"el-mercat-continua-en-la-nueva-temporada-de-per-amor-a-les-arts","status":"publish","type":"post","link":"https:\/\/old.mercatflors.cat\/es\/actualidad\/el-mercat-continua-en-la-nueva-temporada-de-per-amor-a-les-arts\/","title":{"rendered":"El Mercat contin\u00faa en la nueva temporada de \u2018Per amor a les arts\u2019"},"content":{"rendered":"<p>Nuevo a\u00f1o de la iniciativa <em>Per amor a les arts<\/em>, un ciclo de cine relacionado con las otras artes que hace 5 temporadas puso en marcha la Filmoteca de Catalunya y el MNAC. La programaci\u00f3n semanal consiste en una proyecci\u00f3n de un film que relacione el mundo del cine y del arte, precedida de una introducci\u00f3n a cargo de un experto.<\/p>\n<p>Des de el a\u00f1o pasado se han a\u00f1adido al MNAC otros equipamientos culturales, como el Mercat de les Flors, el Teatre del Liceo, L\u2019Auditori, el TNC, el Teatre Lliure, el Palau de la M\u00fasica, el Servicio de Bibliotecas, la Instituci\u00f3n de les Letras Catalanas y la Fundaci\u00f3n Mies van der Rohe.<\/p>\n<p>Les proyecciones propuestas por el Mercat de les Flors son dos: el 31 de octubre se proyect\u00f3 la pel\u00edcula <em>La danseuse <\/em>(2016), de St\u00e9phanie Di Giusto, un film de 2016 sobre la core\u00f3grafa Lo\u00efe Fuller, una innovadora de la danza del siglo pasado (en el Mercat de les Flors la core\u00f3grafa Ola Maciejewska presenta una revisi\u00f3n de la obra de Fuller con el espect\u00e1culo <a href=\"https:\/\/old.mercatflors.cat\/es\/espectacle\/bombix-nori\/\"><strong><span style=\"color: #3366ff;\"><em>Bombyx Mori<\/em><\/span><\/strong><\/a>, el 4 y 5 de noviembre).<\/p>\n<p>Y el 5 de diciembre se proyectar\u00e1 <em>It\u2019s Always Fair Weather <\/em>(1955), de Stanley Donen.<\/p>\n<p><a href=\"http:\/\/www.filmoteca.cat\/web\/programacio\/cicles\/per-amor-a-les-arts\/la-danseuse-amb-presentacio-a-carrec-de-bea-fernandez-i\"><strong><span style=\"color: #3366ff;\">+ info de <em>Le danseuse<\/em> <\/span><\/strong><\/a><\/p>\n<p><a href=\"http:\/\/www.filmoteca.cat\/web\/programacio\/cicles\/per-amor-a-les-arts-0\"><strong><span style=\"color: #3366ff;\">El cicle completo<\/span> <\/strong><\/a><\/p>\n<p>&nbsp;<\/p>\n<p>&nbsp;<\/p>\n","protected":false},"excerpt":{"rendered":"<p>Nuevo a\u00f1o de la iniciativa Per amor a les arts, [&hellip;]<\/p>\n","protected":false},"author":1,"featured_media":0,"comment_status":"open","ping_status":"open","sticky":false,"template":"","format":"standard","meta":[],"categories":[16],"tags":[],"_links":{"self":[{"href":"https:\/\/old.mercatflors.cat\/es\/wp-json\/wp\/v2\/posts\/22496\/"}],"collection":[{"href":"https:\/\/old.mercatflors.cat\/es\/wp-json\/wp\/v2\/posts\/"}],"about":[{"href":"https:\/\/old.mercatflors.cat\/es\/wp-json\/wp\/v2\/types\/post\/"}],"author":[{"embeddable":true,"href":"https:\/\/old.mercatflors.cat\/es\/wp-json\/wp\/v2\/users\/1\/"}],"replies":[{"embeddable":true,"href":"https:\/\/old.mercatflors.cat\/es\/wp-json\/wp\/v2\/comments\/?post=22496"}],"version-history":[{"count":0,"href":"https:\/\/old.mercatflors.cat\/es\/wp-json\/wp\/v2\/posts\/22496\/revisions\/"}],"wp:attachment":[{"href":"https:\/\/old.mercatflors.cat\/es\/wp-json\/wp\/v2\/media\/?parent=22496"}],"wp:term":[{"taxonomy":"category","embeddable":true,"href":"https:\/\/old.mercatflors.cat\/es\/wp-json\/wp\/v2\/categories\/?post=22496"},{"taxonomy":"post_tag","embeddable":true,"href":"https:\/\/old.mercatflors.cat\/es\/wp-json\/wp\/v2\/tags\/?post=22496"}],"curies":[{"name":"wp","href":"https:\/\/api.w.org\/{rel}","templated":true}]}}