{"id":22615,"date":"2017-11-22T15:28:15","date_gmt":"2017-11-22T14:28:15","guid":{"rendered":"https:\/\/old.mercatflors.cat\/?p=22615\/"},"modified":"2017-12-05T18:17:30","modified_gmt":"2017-12-05T17:17:30","slug":"its-always-fair-weather-nueva-proyeccion-dentro-del-ciclo-per-amor-a-les-arts-en-colaboracion-con-la-filmoteca","status":"publish","type":"post","link":"https:\/\/old.mercatflors.cat\/es\/actualidad\/its-always-fair-weather-nueva-proyeccion-dentro-del-ciclo-per-amor-a-les-arts-en-colaboracion-con-la-filmoteca\/","title":{"rendered":"&#8216;It\u2019s Always Fair Weather&#8217;, nueva proyecci\u00f3n dentro del ciclo Per amor a les arts en colaboraci\u00f3n con la Filmoteca"},"content":{"rendered":"<p><img decoding=\"async\" loading=\"lazy\" class=\"alignleft size-full wp-image-22613\" src=\"https:\/\/old.mercatflors.cat\/wp-content\/uploads\/2017\/11\/its-always-fair-weather.jpg\" alt=\"\" width=\"260\" height=\"188\" \/><\/p>\n<p>Dentro\u00a0de la iniciativa\u00a0<em>Per amor a les arts<\/em>, un ciclo de cine relacionado\u00a0con las otras artes que\u00a0hace 5 temporadas\u00a0pusieron en marcha la Filmoteca de Catalunya\u00a0y el MNAC, se proyectar\u00e1 la pel\u00edcula <em>It\u2019s Always Fair Weather<\/em>, el tercer film que Gene Kelly codirigi\u00f3\u00a0con Stanley Donen despu\u00e9s de <em>On the Town<\/em>\u00a0y\u00a0<em>Singin&#8217; in the Rain<\/em>, que ven\u00eda a ser un pr\u00f3logo del primero.<\/p>\n<p>En <em>It\u2019s Always Fair Weather <\/em>tres marineros se reencuentran, tal\u00a0como\u00a0prometieron, diez a\u00f1os despu\u00e9s del final de la Segunda Guerra Mundial para\u00a0comprobar que el tiempo los ha cambiado. Cada\u00a0uno ver\u00e1 en el\u00a0otro la imagen de su fracaso. La pel\u00edcula se podr\u00e1 ver en la Filmoteca el martes 5 de diciembre a las 17h.<\/p>\n<p>Es un musical dominado por la melancol\u00eda\u00a0con n\u00fameros antol\u00f3gicos del g\u00e9nero, como el de las tapas de los contenedores de la basura, el de Cyd Charisse en el ring de boxeo o el que Kelly realiza sobre unos patines. \u201cLa danza se integra armoniosamente en la acci\u00f3n\u00a0y\u00a0es el principal medio por el cual los autores nos definen a sus personajes.\u00a0Nunca\u00a0los\u00a0comprendemos mejor que cuando bailan. La admirable danza que abre el film\u00a0nos\u00a0lo dice todo sobre la amistad de los tres soldados\u201d (Jos\u00e9 Luis Guarner).<\/p>\n<p>La presentaci\u00f3n\u00a0ir\u00e1 a cargo de\u00a0<strong>Colomina Colom\u00e9<\/strong>, bailarines de claqu\u00e9; esta pareja est\u00e1 formada por <strong>Ramon Colomina<\/strong>, <em>Tornasol<\/em>, actor-autor, bailar\u00edn-core\u00f3grafo\u00a0e ilustrador-guionista,\u00a0y\u00a0<strong>Montse Colom\u00e9<\/strong>, bailarina\u00a0y core\u00f3grafa multidisciplinar.<\/p>\n<p>Esta es la segunda proyecci\u00f3n propuesta por el Mercat de les Flors en esta quinta edici\u00f3n del ciclo, despu\u00e9s que el pasado 31 de octubre se viera\u00a0<em>La danseuse<\/em> de St\u00e9phanie Di Giusto.<\/p>\n<p>M\u00e1s informaci\u00f3n sobre la proyecci\u00f3n en\u00a0<a href=\"http:\/\/www.filmoteca.cat\/web\/programacio\/cicles\/gene-kelly-felicitat-i-nostalgia\/its-always-fair-weather\"><span style=\"color: #0000ff;\">la web de la Filmoteca<\/span><\/a><\/p>\n<p><a href=\"http:\/\/www.filmoteca.cat\/web\/programacio\/cicles\/per-amor-a-les-arts-0\"><span style=\"color: #0000ff;\">La programaci\u00f3n del ciclo completo aqu\u00ed<\/span><\/a><\/p>\n","protected":false},"excerpt":{"rendered":"<p>Dentro\u00a0de la iniciativa\u00a0Per amor a les arts, un ciclo de [&hellip;]<\/p>\n","protected":false},"author":1,"featured_media":0,"comment_status":"open","ping_status":"open","sticky":false,"template":"","format":"standard","meta":[],"categories":[16],"tags":[],"_links":{"self":[{"href":"https:\/\/old.mercatflors.cat\/es\/wp-json\/wp\/v2\/posts\/22615\/"}],"collection":[{"href":"https:\/\/old.mercatflors.cat\/es\/wp-json\/wp\/v2\/posts\/"}],"about":[{"href":"https:\/\/old.mercatflors.cat\/es\/wp-json\/wp\/v2\/types\/post\/"}],"author":[{"embeddable":true,"href":"https:\/\/old.mercatflors.cat\/es\/wp-json\/wp\/v2\/users\/1\/"}],"replies":[{"embeddable":true,"href":"https:\/\/old.mercatflors.cat\/es\/wp-json\/wp\/v2\/comments\/?post=22615"}],"version-history":[{"count":0,"href":"https:\/\/old.mercatflors.cat\/es\/wp-json\/wp\/v2\/posts\/22615\/revisions\/"}],"wp:attachment":[{"href":"https:\/\/old.mercatflors.cat\/es\/wp-json\/wp\/v2\/media\/?parent=22615"}],"wp:term":[{"taxonomy":"category","embeddable":true,"href":"https:\/\/old.mercatflors.cat\/es\/wp-json\/wp\/v2\/categories\/?post=22615"},{"taxonomy":"post_tag","embeddable":true,"href":"https:\/\/old.mercatflors.cat\/es\/wp-json\/wp\/v2\/tags\/?post=22615"}],"curies":[{"name":"wp","href":"https:\/\/api.w.org\/{rel}","templated":true}]}}