{"id":22621,"date":"2017-11-23T13:38:15","date_gmt":"2017-11-23T12:38:15","guid":{"rendered":"https:\/\/old.mercatflors.cat\/?p=22621\/"},"modified":"2017-12-11T16:48:43","modified_gmt":"2017-12-11T15:48:43","slug":"cuenta-atras-para-la-gala-del-premio-de-danza-del-institut-del-teatre-2017","status":"publish","type":"post","link":"https:\/\/old.mercatflors.cat\/es\/actualidad\/cuenta-atras-para-la-gala-del-premio-de-danza-del-institut-del-teatre-2017\/","title":{"rendered":"Cuenta atr\u00e1s para la gala del Premio de Danza del Institut del Teatre 2017"},"content":{"rendered":"<p>El <strong>domingo 3 de diciembre a las 18h<\/strong> se presentan las c<strong>uatro coreograf\u00edas finalistas <\/strong>del \u00a0<a href=\"http:\/\/www.institutdelteatre.cat\/ca\/pl396\/graduats\/serveis-per-a-graduats\/id32\/premi-de-dansa-de-l-institut-del-teatre.htm\">Pre<\/a><a href=\"http:\/\/www.institutdelteatre.cat\/ca\/pl396\/graduats\/serveis-per-a-graduats\/id32\/premi-de-dansa-de-l-institut-del-teatre.htm\">mi<\/a>o <a href=\"http:\/\/www.institutdelteatre.cat\/ca\/pl396\/graduats\/serveis-per-a-graduats\/id32\/premi-de-dansa-de-l-institut-del-teatre.htm\">de Danza del Institut del Teatre<\/a> 2017 en el <a href=\"https:\/\/old.mercatflors.cat\/\">Mercat de les Flors<\/a>. La coreograf\u00eda ganadora recibir\u00e1 una dotaci\u00f3n econ\u00f3mica y ayuda para desarrollar la propuesta y estrenarla en la programaci\u00f3n del <a href=\"http:\/\/lameva.barcelona.cat\/grec\/\">Festival Grec 2018<\/a>.<\/p>\n<p>Esta es la tercera edici\u00f3n del Premio de Danza del Institut del Teatre, que nace con el objetivo de potenciar el trabajo de los j\u00f3venes creadores e int\u00e9rpretes, ofreci\u00e9ndoles una ayuda a la producci\u00f3n y a la exhibici\u00f3n para facilitar as\u00ed su inserci\u00f3n laboral.<\/p>\n<p>Durante la gala se presentar\u00e1n las cuatro coreograf\u00edas que optan al premio con una duraci\u00f3n de 15 minotos cada una:<\/p>\n<ul>\n<li><em>Entre viatges i flors<\/em>, de A les Golfes (Nat\u00e0lia Vignatti y Jordi Ribot), graduados del <a href=\"http:\/\/institutdelteatre.cat\/ca\/thm22\/escoles-i-centres-territorials.htm\">Conservatorio Superior de Danza (CSD<\/a>)<\/li>\n<li><em>R\u00e8plica<\/em>, de\u00a0Laia Santanach<\/li>\n<li><em>Chroma<\/em>, d&#8217;Albert Garrell, graduado de <a href=\"http:\/\/www.institutdelteatre.cat\/ca\/thm28\/graduats.htm\">IT Dansa<\/a><\/li>\n<li><em>Handle with care<\/em>, de Tangen|Benzal (Jes\u00fas Benzal i Ole Kristian Tangen), graduados de IT Dansa<\/li>\n<\/ul>\n<p>Mientras el jurado delibera, se podr\u00e1 ver uno de los espect\u00e1culos\u00a0 finalistas del a\u00f1o pasado<em>, La piel vac\u00eda<\/em>, de Paloma Mu\u00f1oz \u00a0graduada de <a href=\"http:\/\/institutdelteatre.cat\/ca\/thm23\/escoles-i-centres-territorials.htm\">EESA\/CPD<\/a>\u00a0y de <a href=\"http:\/\/www.institutdelteatre.cat\/ca\/thm28\/graduats.htm\">IT Dansa<\/a> y que actualmente est\u00e1 acabando los estudios del\u00a0<a href=\"http:\/\/institutdelteatre.cat\/ca\/thm22\/escoles-i-centres-territorials.htm\">Conservatorio Superior de Danza (CSD<\/a>) del Institut del Teatre.<\/p>\n<p>Paralelamente el <a href=\"http:\/\/www.espaidansat.cat\/web\/CA\/\">SAT Espai Dansat<\/a> y <a href=\"http:\/\/lestruch.sabadell.cat\/\">L&#8217;Estruch<\/a>, f\u00e1brica de creaci\u00f3n de Sabadell, seleccionar\u00e1n respectivamente entre los cuatro finalistas dos coreograf\u00edas para ser representadas en su teatro, que recibir\u00e1n una ayuda para desarrollar el espect\u00e1culo de 15 a 25 minutos.<\/p>\n<p>El Premio de Danza del Institut del Teatre est\u00e1 organizado con la colaboraci\u00f3n del\u00a0<a href=\"http:\/\/lameva.barcelona.cat\/grec\/\">Grec Festival Barcelona<\/a>,\u00a0\u00a0<a href=\"https:\/\/old.mercatflors.cat\/\">Mercat de les Flors<\/a>,\u00a0<a href=\"http:\/\/www.fundacionsgae.org\/\">Fundaci\u00f3n SGAE<\/a>,\u00a0<a href=\"http:\/\/www.fundacioct.cat\/\">Centre Cultural de Terrassa<\/a>,\u00a0<a href=\"http:\/\/granerbcn.cat\/\">Graner<\/a>,<a href=\"http:\/\/www.tasantcugat.cat\/\">\u00a0Teatre Auditori de Sant Cugat<\/a>,\u00a0<a href=\"http:\/\/www.espaidansat.cat\/web\/CA\/\">SAT Espai Dansat<\/a>,\u00a0<a href=\"http:\/\/www.lacaldera.info\/\">La Caldera Les Corts<\/a>, la <a href=\"http:\/\/www.dansacat.org\/\">y<\/a>\u00a0<a href=\"http:\/\/lestruch.sabadell.cat\/\">L&#8217;Estruch. <\/a><\/p>\n<p>Pod\u00e9is encontrar m\u00e1s informaci\u00f3n de los finalistas en este <strong><span style=\"color: #3366ff;\"><a style=\"color: #3366ff;\" href=\"http:\/\/www.institutdelteatre.cat\/files\/doc2923\/curriculums-finalistes-del-premi-de-dansa-2017.pdf\">enlace<\/a>.<\/span><\/strong><\/p>\n","protected":false},"excerpt":{"rendered":"<p>El domingo 3 de diciembre a las 18h se presentan [&hellip;]<\/p>\n","protected":false},"author":1,"featured_media":0,"comment_status":"open","ping_status":"open","sticky":false,"template":"","format":"standard","meta":[],"categories":[16],"tags":[],"_links":{"self":[{"href":"https:\/\/old.mercatflors.cat\/es\/wp-json\/wp\/v2\/posts\/22621\/"}],"collection":[{"href":"https:\/\/old.mercatflors.cat\/es\/wp-json\/wp\/v2\/posts\/"}],"about":[{"href":"https:\/\/old.mercatflors.cat\/es\/wp-json\/wp\/v2\/types\/post\/"}],"author":[{"embeddable":true,"href":"https:\/\/old.mercatflors.cat\/es\/wp-json\/wp\/v2\/users\/1\/"}],"replies":[{"embeddable":true,"href":"https:\/\/old.mercatflors.cat\/es\/wp-json\/wp\/v2\/comments\/?post=22621"}],"version-history":[{"count":0,"href":"https:\/\/old.mercatflors.cat\/es\/wp-json\/wp\/v2\/posts\/22621\/revisions\/"}],"wp:attachment":[{"href":"https:\/\/old.mercatflors.cat\/es\/wp-json\/wp\/v2\/media\/?parent=22621"}],"wp:term":[{"taxonomy":"category","embeddable":true,"href":"https:\/\/old.mercatflors.cat\/es\/wp-json\/wp\/v2\/categories\/?post=22621"},{"taxonomy":"post_tag","embeddable":true,"href":"https:\/\/old.mercatflors.cat\/es\/wp-json\/wp\/v2\/tags\/?post=22621"}],"curies":[{"name":"wp","href":"https:\/\/api.w.org\/{rel}","templated":true}]}}