{"id":22669,"date":"2017-12-11T16:55:25","date_gmt":"2017-12-11T15:55:25","guid":{"rendered":"https:\/\/old.mercatflors.cat\/?p=22669\/"},"modified":"2017-12-19T15:19:08","modified_gmt":"2017-12-19T14:19:08","slug":"gala-de-presentacio-del-festival-salmon-2018","status":"publish","type":"post","link":"https:\/\/old.mercatflors.cat\/es\/general-es\/gala-de-presentacio-del-festival-salmon-2018\/","title":{"rendered":"Gala de presentaci\u00f3n del Festival S\u00e2lmon< 2018"},"content":{"rendered":"<p>La 6\u00aa edici\u00f3n del Festival S\u00e2lmon&lt;, organizada por el Graner f\u00e1brica de creaci\u00f3n, llegar\u00e1 del 8 al 25 de febrero de 2018 al Mercat de les Flors y a otros espacios de la ciudad como Fabra i Coats, Antic Teatre, MACBA, Fundaci\u00f3 Joan Mir\u00f3, Sala Hiroshima y CaixaForum.<\/p>\n<p>Despu\u00e9s del impulso del Premio FAD de Artes Parateatrales Sebasti\u00e0 Gasch y con el convencimiento de que ser\u00e1 una gran edici\u00f3n, este jueves 14 de diciembre, a las 20 horas en el Mercat de les Flors, tendr\u00e1 lugar una gala que mostrar\u00e1 el v\u00eddeo de presentaci\u00f3n, la imagen\u00a0 y ls grandes l\u00edneas de la programaci\u00f3n.<\/p>\n<p>Para la ocasi\u00f3n, B\u00e1rbara S\u00e1nchez y Jaime Conde ser\u00e1n los maestros de ceremonias de una gala que incluir\u00e1 las intervenciones de Cris Blanco, Sara Font\u00e1n y Novios (Rub\u00e9n Ramos y Pablo Gisbert) y la sesi\u00f3n del DJ la Flor de Alcorc\u00f3n.<\/p>\n<p>Abierta a todos, es necesario confirmar asistencia a <a href=\"mailto:confirmacions@mercatflors.cat\">confirmacions@mercatflors.cat<\/a><\/p>\n","protected":false},"excerpt":{"rendered":"<p>La 6\u00aa edici\u00f3n del Festival S\u00e2lmon&lt;, organizada por el Graner [&hellip;]<\/p>\n","protected":false},"author":1,"featured_media":0,"comment_status":"open","ping_status":"open","sticky":false,"template":"","format":"standard","meta":[],"categories":[4],"tags":[],"_links":{"self":[{"href":"https:\/\/old.mercatflors.cat\/es\/wp-json\/wp\/v2\/posts\/22669\/"}],"collection":[{"href":"https:\/\/old.mercatflors.cat\/es\/wp-json\/wp\/v2\/posts\/"}],"about":[{"href":"https:\/\/old.mercatflors.cat\/es\/wp-json\/wp\/v2\/types\/post\/"}],"author":[{"embeddable":true,"href":"https:\/\/old.mercatflors.cat\/es\/wp-json\/wp\/v2\/users\/1\/"}],"replies":[{"embeddable":true,"href":"https:\/\/old.mercatflors.cat\/es\/wp-json\/wp\/v2\/comments\/?post=22669"}],"version-history":[{"count":0,"href":"https:\/\/old.mercatflors.cat\/es\/wp-json\/wp\/v2\/posts\/22669\/revisions\/"}],"wp:attachment":[{"href":"https:\/\/old.mercatflors.cat\/es\/wp-json\/wp\/v2\/media\/?parent=22669"}],"wp:term":[{"taxonomy":"category","embeddable":true,"href":"https:\/\/old.mercatflors.cat\/es\/wp-json\/wp\/v2\/categories\/?post=22669"},{"taxonomy":"post_tag","embeddable":true,"href":"https:\/\/old.mercatflors.cat\/es\/wp-json\/wp\/v2\/tags\/?post=22669"}],"curies":[{"name":"wp","href":"https:\/\/api.w.org\/{rel}","templated":true}]}}