{"id":22738,"date":"2017-12-13T17:29:23","date_gmt":"2017-12-13T16:29:23","guid":{"rendered":"https:\/\/old.mercatflors.cat\/?p=22738\/"},"modified":"2018-01-31T08:57:28","modified_gmt":"2018-01-31T07:57:28","slug":"convocatoria-de-participantes-para-el-espectaculo-inaugural-de-salmon","status":"publish","type":"post","link":"https:\/\/old.mercatflors.cat\/es\/actualidad\/convocatoria-de-participantes-para-el-espectaculo-inaugural-de-salmon\/","title":{"rendered":"Convocatoria de participantes para el espect\u00e1culo inaugural de S\u00c2LMON<"},"content":{"rendered":"<p>ATLAS, una performance de Ana Borralho &amp; Jo\u00e3o Galante \u2013 CasaBranca, busca 100 PERSONAS de diferentes profesiones y de diferentes or\u00edgenes, lenguas, edades, sexos, capacidades y situaciones profesionales que quieran participar en un espect\u00e1culo. No es necesaria experiencia.<\/p>\n<p>Periodistas, artistas, repartidores, terapeutas,\u00a0 polic\u00edas, urbanistas, strippers, fot\u00f3grafos, electricistas, payeses, teleoperadores, futbolistas, cient\u00edficos, bloguers, chatarreros,\u00a0 pasteleros, carteros, trabajadores sexuales, masajistas, pol\u00edticos, peluqueros, m\u00fasicos, perfumeros, camareros, vendedores ambulantes, taxistas, skaters, floristas, gu\u00edas tur\u00edsticos, cuidadores, fil\u00f3sofos, ebanistas, docentes, ingenieros, enfermeros, conserges, detectives, ilustradores, bibliotecarios, mec\u00e1nicos, bomberos&#8230;<\/p>\n<p>ATLAS inaugurar\u00e1 el S\u00e2lmon&lt; Festival 2018 en el Mercat de les Flors los d\u00edas 8 y 9 de febrero.<\/p>\n<p>ATLAS es un proyecto ART y PART. El programa ART y PART de creaci\u00f3n art\u00edstica comunitaria en los barrios es una iniciativa del Ayuntamiento de Barcelona, gestionada a trav\u00e9s del Institut de Cultura de Barcelona y que se engloba en el marco del programa Barcelona Districte Cultural.<\/p>\n<p>ATLAS es una performance teatral que, tal como su nombre indica, pretende representar la diversidad humana de la ciudad, creando un paisaje de la complejidad del tejido social y urbano.<\/p>\n<p>El espect\u00e1culo re\u00fane en el escenario a 100 personas de diferentes or\u00edgenes, lenguas, edades, sexos, capacidades, profesiones y situaciones profesionales. Con esta obra se quiere construir un atlas de la organizaci\u00f3n social humana, presentando a los seres humanos a partir de su funci\u00f3n en la sociedad, reivindicando sus ocupaciones, tanto de manera individual como colectiva.<\/p>\n<p>\u201cNos interesa trabajar con profesiones legalizadas y tradicionales de toda la vida, pero tambi\u00e9n con aquellas no legalizadas y las no reconocidas como trabajo por su car\u00e1cter asociado al placer o estil de vida (ex: alpinista, cuentacuentos, skater, escalador, etc.). Cualquier profesi\u00f3n\/funci\u00f3n en la sociedad est\u00e1 inclu\u00edda (parados\/as, cuidadoras\/es del hogar, jubiladas\/os, estudiantes, etc.). Todas las piezas que hacen que la m\u00e1quina asociada al capital funcione, ser\u00e1n representadas.\u201d<\/p>\n<p>Formulario de inscripci\u00f3n:\u00a0<span style=\"color: #0000ff;\"><a style=\"color: #0000ff;\" href=\"http:\/\/granerbcn.cat\/busquem-100-persones\/\">http:\/\/granerbcn.cat\/busquem-100-persones\/<\/a><\/span><\/p>\n<p>Para m\u00e1s informaci\u00f3n: <span style=\"color: #0000ff;\"><a style=\"color: #0000ff;\" href=\"mailto:participa@mercatflors.cat\">participa@mercatflors.cat<\/a><\/span><br \/>\nEl grupo quedar\u00e1 cerrado a finales de enero.<br \/>\nEnsayos: del 2 al 7 de febrero (horario de tardes)<br \/>\nEspect\u00e1culo: 8 y 9 de febrero<\/p>\n<p><span style=\"color: #0000ff;\"><a style=\"color: #0000ff;\" href=\"http:\/\/granerbcn.cat\/wp-content\/uploads\/DOSSIER_ATLAS.pdf\">INFORMACI\u00d3N PR\u00c1CTICA DEL PROYECTO<\/a><\/span><\/p>\n","protected":false},"excerpt":{"rendered":"<p>ATLAS, una performance de Ana Borralho &amp; Jo\u00e3o Galante \u2013 [&hellip;]<\/p>\n","protected":false},"author":1,"featured_media":22874,"comment_status":"open","ping_status":"open","sticky":false,"template":"","format":"standard","meta":[],"categories":[16],"tags":[],"_links":{"self":[{"href":"https:\/\/old.mercatflors.cat\/es\/wp-json\/wp\/v2\/posts\/22738\/"}],"collection":[{"href":"https:\/\/old.mercatflors.cat\/es\/wp-json\/wp\/v2\/posts\/"}],"about":[{"href":"https:\/\/old.mercatflors.cat\/es\/wp-json\/wp\/v2\/types\/post\/"}],"author":[{"embeddable":true,"href":"https:\/\/old.mercatflors.cat\/es\/wp-json\/wp\/v2\/users\/1\/"}],"replies":[{"embeddable":true,"href":"https:\/\/old.mercatflors.cat\/es\/wp-json\/wp\/v2\/comments\/?post=22738"}],"version-history":[{"count":0,"href":"https:\/\/old.mercatflors.cat\/es\/wp-json\/wp\/v2\/posts\/22738\/revisions\/"}],"wp:featuredmedia":[{"embeddable":true,"href":"https:\/\/old.mercatflors.cat\/es\/wp-json\/wp\/v2\/media\/22874\/"}],"wp:attachment":[{"href":"https:\/\/old.mercatflors.cat\/es\/wp-json\/wp\/v2\/media\/?parent=22738"}],"wp:term":[{"taxonomy":"category","embeddable":true,"href":"https:\/\/old.mercatflors.cat\/es\/wp-json\/wp\/v2\/categories\/?post=22738"},{"taxonomy":"post_tag","embeddable":true,"href":"https:\/\/old.mercatflors.cat\/es\/wp-json\/wp\/v2\/tags\/?post=22738"}],"curies":[{"name":"wp","href":"https:\/\/api.w.org\/{rel}","templated":true}]}}