{"id":22744,"date":"2017-12-14T12:58:44","date_gmt":"2017-12-14T11:58:44","guid":{"rendered":"https:\/\/old.mercatflors.cat\/?p=22744\/"},"modified":"2018-01-15T13:14:22","modified_gmt":"2018-01-15T12:14:22","slug":"taller-para-profesionales-de-circo-y-movimiento","status":"publish","type":"post","link":"https:\/\/old.mercatflors.cat\/es\/actualidad\/taller-para-profesionales-de-circo-y-movimiento\/","title":{"rendered":"Taller para profesionales de circo y movimiento"},"content":{"rendered":"<p>Despu\u00e9s del \u00e9xito del ciclo formativo y creativo de circo y danza organizado en 2016, el Mercat de les Flors y La Central del Circ proponen en 2018, con la colaboraci\u00f3n del centro de creaci\u00f3n de danza El Graner, una nueva acci\u00f3n creativa, vivencial y formativa: un <strong>\u201ctaller de artista\u201d<\/strong> <strong>dirigido por Jean-Michel Guy (FR) y Volmir Cordeiro (BR). <\/strong>Durante dos semanas, acompa\u00f1aran 15 artistas hacia una nueva mirada sobre el movimiento y el circo contempor\u00e1neo; analizando ambas pr\u00e1cticas con el fin de conocer que es lo que actualmente \u00e9stas pueden requerir.<\/p>\n<p>Este taller est\u00e1 dirigido a artistas de circo contempor\u00e1neo y a artistas que trabajen el movimiento con un elevado grado de compromiso f\u00edsico, interesados\/as en crear una situaci\u00f3n propicia para la <strong>investigaci\u00f3n de las nuevas pr\u00e1cticas de circo y danza. <\/strong>Tendr\u00e1 lugar <strong>del 9 al 21 de abril de 2018<\/strong> y concluir\u00e1 con una muestra en el marco del ciclo <em>Circ d\u2019Ara Mateix<\/em> del Mercat de les Flors.<\/p>\n<p>Desde La Central de Circ, El Graner y el Mercat de les Flors, abrimos una convocatoria para seleccionar 15 artistas profesionales de circo y movimiento (entre 7 y 8 de cada disciplina) para participar en un taller de artista en el cruce de ambas artes, con Jean-Michel Guy, investigador, consejero art\u00edstico y director, y Volmir Cordeiro, core\u00f3grafo, bailar\u00edn e investigador. Este taller recubrir\u00e1 la filosof\u00eda de un laboratorio.<\/p>\n<p><strong>Fecha l\u00edmite de admisi\u00f3n de candidaturas: 14 de enero de 2018<\/strong><\/p>\n<p><span style=\"color: #0000ff;\"><a style=\"color: #0000ff;\" href=\"http:\/\/www.lacentraldelcirc.cat\/wp-content\/uploads\/2017\/12\/Convocat%C3%B2riaCastell%C3%A0_CICLO-FORMATIVO-Y-CREATIVO-DE-CIRCO-Y-MOVIMIENTO_cast-f.pdf\">Bases de la convocatoria<\/a><\/span><\/p>\n","protected":false},"excerpt":{"rendered":"<p>Despu\u00e9s del \u00e9xito del ciclo formativo y creativo de circo [&hellip;]<\/p>\n","protected":false},"author":1,"featured_media":22867,"comment_status":"open","ping_status":"open","sticky":false,"template":"","format":"standard","meta":[],"categories":[16],"tags":[],"_links":{"self":[{"href":"https:\/\/old.mercatflors.cat\/es\/wp-json\/wp\/v2\/posts\/22744\/"}],"collection":[{"href":"https:\/\/old.mercatflors.cat\/es\/wp-json\/wp\/v2\/posts\/"}],"about":[{"href":"https:\/\/old.mercatflors.cat\/es\/wp-json\/wp\/v2\/types\/post\/"}],"author":[{"embeddable":true,"href":"https:\/\/old.mercatflors.cat\/es\/wp-json\/wp\/v2\/users\/1\/"}],"replies":[{"embeddable":true,"href":"https:\/\/old.mercatflors.cat\/es\/wp-json\/wp\/v2\/comments\/?post=22744"}],"version-history":[{"count":0,"href":"https:\/\/old.mercatflors.cat\/es\/wp-json\/wp\/v2\/posts\/22744\/revisions\/"}],"wp:featuredmedia":[{"embeddable":true,"href":"https:\/\/old.mercatflors.cat\/es\/wp-json\/wp\/v2\/media\/22867\/"}],"wp:attachment":[{"href":"https:\/\/old.mercatflors.cat\/es\/wp-json\/wp\/v2\/media\/?parent=22744"}],"wp:term":[{"taxonomy":"category","embeddable":true,"href":"https:\/\/old.mercatflors.cat\/es\/wp-json\/wp\/v2\/categories\/?post=22744"},{"taxonomy":"post_tag","embeddable":true,"href":"https:\/\/old.mercatflors.cat\/es\/wp-json\/wp\/v2\/tags\/?post=22744"}],"curies":[{"name":"wp","href":"https:\/\/api.w.org\/{rel}","templated":true}]}}