{"id":22932,"date":"2018-01-11T13:23:27","date_gmt":"2018-01-11T12:23:27","guid":{"rendered":"https:\/\/old.mercatflors.cat\/?p=22932\/"},"modified":"2018-04-05T12:03:30","modified_gmt":"2018-04-05T11:03:30","slug":"convocatoria-para-bailarines-profesionales-cel%e2%80%a2lula-lab-1","status":"publish","type":"post","link":"https:\/\/old.mercatflors.cat\/es\/actualidad\/convocatoria-para-bailarines-profesionales-cel%e2%80%a2lula-lab-1\/","title":{"rendered":"Convocatoria para bailarines profesionales \/ C\u00c8L\u2022LULA LAB 1 \/"},"content":{"rendered":"<p>El Mercat de les Flors organiza un taller intensivo del 2 al 5 de abril del 2018 para bailarines profesionales que est\u00e9n interesados en el trabajo de los core\u00f3grafos Albert Quesada, Roser L\u00f3pez Espinosa, Marina Mascarell y Pere Faura.<\/p>\n<p>Este taller ofrece una aproximaci\u00f3n al trabajo de estos core\u00f3grafos, poniendo en contacto a los bailarines y a los mismos core\u00f3grafos con herramientas y maneras diversas de trabajar la creaci\u00f3n coreogr\u00e1fica, con el objetivo de conocer y compartir bailarines de cara a pr\u00f3ximas creaciones.<\/p>\n<p>Este es el primero de una serie de talleres o laboratorios que forman parte del proyecto piloto C\u00c8L\u00b7LULA, un contenedor que debe permitir el crecimiento y desarrollo de profesionales a trav\u00e9s de laboratorios de formaci\u00f3n, pr\u00e1cticas de creaci\u00f3n compartidas y producciones.<\/p>\n<p><strong><u>CALENDARIO DE DE LA CONVOCATORIA<\/u><\/strong><strong>:<\/strong><\/p>\n<ul>\n<li>Fecha l\u00edmite para solicitud de plaza: <strong>9 de febrero<\/strong><\/li>\n<li>Respuesta a las solicitudes: <strong>entre el 26 y 28 febrero<\/strong><\/li>\n<li>Si es necesario hacer selecci\u00f3n \u00e9sta tendr\u00e1 lugar los d\u00edas <strong>24 y 25 de marzo<\/strong> en el Mercat de les Flors<\/li>\n<li><strong>Taller del 2 al 5 de abril en el Mercat de les Flors<\/strong><\/li>\n<\/ul>\n<p><strong>REQUISITOS DE LAS PERSONAS CANDIDATAS:<\/strong><\/p>\n<ul>\n<li>Disponibilidad para los d\u00edas de selecci\u00f3n y taller<\/li>\n<li>Formaci\u00f3n acreditada y experiencia profesional<\/li>\n<li>Tener residencia habitual en Catalunya<\/li>\n<\/ul>\n<p><strong>INFORMACI\u00d3N E INSCRIPCI\u00d3N A LA CONVOCATORIA:<\/strong><\/p>\n<p>Para m\u00e1s informaci\u00f3n (*) e inscripci\u00f3n a la convocatoria env\u00eda un correo electr\u00f3nico a: <span style=\"color: #0000ff;\"><a style=\"color: #0000ff;\" href=\"mailto:CEL.LULA_LAB_1@mercatflors.cat\">CEL.LULA_LAB_1@mercatflors.cat<\/a> <\/span>\u2013 Ref. \u201c<strong>C\u00c8L\u00b7LULA LAB 1\u201d <\/strong>con la siguiente informaci\u00f3n:<\/p>\n<ul>\n<li>Ficha de inscripci\u00f3n<\/li>\n<li>4 l\u00edneas de motivaci\u00f3n<\/li>\n<li>CV sintetizado ( 3000 caracteres)<\/li>\n<li>1 o 2 links donde se vea bailar a la persona solicitante en alg\u00fan fragmento de 1 a 3 minutos; puede ser una grabaci\u00f3n de estudio o un fragmento de alguna pieza<\/li>\n<\/ul>\n<p><strong>Ficha de inscripci\u00f3n <a href=\"https:\/\/old.mercatflors.cat\/wp-content\/uploads\/2018\/01\/Inscripci\u00f3-primer-LAB_cast.pdf\"><span style=\"color: #0000ff;\">AQU\u00cd<\/span>\u00a0<\/a><\/strong><\/p>\n<p>&nbsp;<\/p>\n","protected":false},"excerpt":{"rendered":"<p>El Mercat de les Flors organiza un taller intensivo del [&hellip;]<\/p>\n","protected":false},"author":1,"featured_media":0,"comment_status":"open","ping_status":"open","sticky":false,"template":"","format":"standard","meta":[],"categories":[16],"tags":[],"_links":{"self":[{"href":"https:\/\/old.mercatflors.cat\/es\/wp-json\/wp\/v2\/posts\/22932\/"}],"collection":[{"href":"https:\/\/old.mercatflors.cat\/es\/wp-json\/wp\/v2\/posts\/"}],"about":[{"href":"https:\/\/old.mercatflors.cat\/es\/wp-json\/wp\/v2\/types\/post\/"}],"author":[{"embeddable":true,"href":"https:\/\/old.mercatflors.cat\/es\/wp-json\/wp\/v2\/users\/1\/"}],"replies":[{"embeddable":true,"href":"https:\/\/old.mercatflors.cat\/es\/wp-json\/wp\/v2\/comments\/?post=22932"}],"version-history":[{"count":0,"href":"https:\/\/old.mercatflors.cat\/es\/wp-json\/wp\/v2\/posts\/22932\/revisions\/"}],"wp:attachment":[{"href":"https:\/\/old.mercatflors.cat\/es\/wp-json\/wp\/v2\/media\/?parent=22932"}],"wp:term":[{"taxonomy":"category","embeddable":true,"href":"https:\/\/old.mercatflors.cat\/es\/wp-json\/wp\/v2\/categories\/?post=22932"},{"taxonomy":"post_tag","embeddable":true,"href":"https:\/\/old.mercatflors.cat\/es\/wp-json\/wp\/v2\/tags\/?post=22932"}],"curies":[{"name":"wp","href":"https:\/\/api.w.org\/{rel}","templated":true}]}}