{"id":23091,"date":"2018-03-13T10:39:53","date_gmt":"2018-03-13T09:39:53","guid":{"rendered":"https:\/\/old.mercatflors.cat\/?p=23091\/"},"modified":"2018-06-28T12:15:34","modified_gmt":"2018-06-28T11:15:34","slug":"segundo-encuentro-del-proyecto-educativo-map-to-the-stars","status":"publish","type":"post","link":"https:\/\/old.mercatflors.cat\/es\/actualidad\/segundo-encuentro-del-proyecto-educativo-map-to-the-stars\/","title":{"rendered":"Segundo encuentro del proyecto educativo Map to the Stars"},"content":{"rendered":"<p>El Mercat de les Flors acogi\u00f3 del 14 al 17 de marzo la segunda reuni\u00f3n de Map to the Stars, un proyecto de \u00e1mbito europeo para llevar la danza a las escuelas a trav\u00e9s de una aplicaci\u00f3n para terminales m\u00f3viles.<\/p>\n<p>El grupo de trabajo de este proyecto est\u00e1 formado por representantes de Il Museo dei Bambini de Roma, el Ballet National de Marseille, el centro de creaci\u00f3n ICK de \u00c1msterdam y el Mercat de les Flors de Barcelona.<\/p>\n<p>Actualmente, el proyecto est\u00e1 en fase de construcci\u00f3n de su arquitectura tecnol\u00f3gica y ya se han empezado a realizar pruebas sobre su funcionamiento y contenidos, de los que se ir\u00e1 informando. En todo el proceso se cuenta con la colaboraci\u00f3n de algunos maestros de escuelas p\u00fablicas locales y, como acompa\u00f1amiento art\u00edstico, el encargado de hacer el seguimiento desde el Mercat de les Flors es el core\u00f3grafo Aimar P\u00e9rez Gal\u00ed.<\/p>\n<p>Participantes y consultores:<\/p>\n<p><strong>Partners:<\/strong><\/p>\n<ul>\n<li>BNM &#8211; Ballet National de Marseille (Marsella, Francia). L\u00edder del proyecto, con Eric Minh Cuong Castaing como director art\u00edstico. <a href=\"https:\/\/emea01.safelinks.protection.outlook.com\/?url=https%3A%2F%2Furldefense.proofpoint.com%2Fv2%2Furl%3Fu%3Dhttps-3A__emea01.safelinks.protection.outlook.com_-3Furl-3Dhttps-3A__urldefense.proofpoint.com_v2_url-3Fu-3Dhttps-2D3A-5F-5Femea01.safelinks.protection.outlook.com-5F-2D3Furl-2D3Dhttps-2D253A-2D252F-2D252Furldefense.proofpoint.com-2D252Fv2-2D252Furl-2D253Fu-2D253Dhttp-2D2D3A-2D5F-2D5Fwww.ballet-2D2D2Dde-2D2D2Dmarseille.com-2D5Ffr-2D5F-2D2526d-2D253DDwMFAw-2D2526c-2D253DeuGZstcaTDllvimEN8b7jXrwqOf-2D2Dv5A-2D5FCdpgnVfiiMM-2D2526r-2D253DXN5O69LuHIuTrfdyqzuI6zwRkz-2D2DOnZJ0cXTlPdthSAU-2D2526m-2D253DD-2D5Fp0j6nTUHaYelgI4YzQllQffJuK1PgpfPSNTkV226w-2D2526s-2D253DVZq-2D2DDX1NYqgkA91bPqtsqfC6PWDc%26d%3DDwMFaQ%26c%3DeuGZstcaTDllvimEN8b7jXrwqOf-v5A_CdpgnVfiiMM%26r%3DQxHKYMrewRL1BxGQ58EyPF-mS6nImEcSvmCCOQOOJjA%26m%3DH-ObpQuPapZH5YOU6ZfbE0jF3--OdspD3UNGOJtGHx4%26s%3DZPaGHg4CwVbmt4nOuoarIvjXquYngSk5gnVvplOlZ1M%26e%3D&amp;data=02%7C01%7Cmros%40mercatflors.cat%7C36863b27880740507ab108d5883f71d1%7C2effb9948f774ba786381a79edc5959b%7C1%7C0%7C636564728445437102&amp;sdata=cyVp3%2BZd9pdio2TREfrdjM4fADGv%2Fpfom2oxw%2Bxhb%2Bw%3D&amp;reserved=0\">http:\/\/www.ballet-de-marseille.com\/fr\/<\/a><\/li>\n<li>ICK (Amsterdam, Pa\u00edses Bajos). <a href=\"https:\/\/emea01.safelinks.protection.outlook.com\/?url=https%3A%2F%2Furldefense.proofpoint.com%2Fv2%2Furl%3Fu%3Dhttps-3A__emea01.safelinks.protection.outlook.com_-3Furl-3Dhttps-3A__urldefense.proofpoint.com_v2_url-3Fu-3Dhttps-2D3A-5F-5Femea01.safelinks.protection.outlook.com-5F-2D3Furl-2D3Dhttps-2D253A-2D252F-2D252Furldefense.proofpoint.com-2D252Fv2-2D252Furl-2D253Fu-2D253Dhttp-2D2D3A-2D5F-2D5Fwww.ickamsterdam.com-2D5F-2D2526d-2D253DDwMFAw-2D2526c-2D253DeuGZstcaTDllvimEN8b7jXrwqOf-2D2Dv5A-2D5FCdpgnVfiiMM-2D2526r-2D253DXN5O69LuHIuTrfdyqzuI6zwRkz-2D2DOnZJ0cXTlPdthSAU-2D2526m-2D253DD-2D5Fp0j6nTUHaYelgI4YzQllQffJuK1PgpfPSNTkV226w-2D2526s-2D253DQSIN8fqnQug4rZGzXuOhtf-2D2D-2D5FcZe5thvrbckHRyolU3M-2D25%26d%3DDwMFaQ%26c%3DeuGZstcaTDllvimEN8b7jXrwqOf-v5A_CdpgnVfiiMM%26r%3DQxHKYMrewRL1BxGQ58EyPF-mS6nImEcSvmCCOQOOJjA%26m%3DH-ObpQuPapZH5YOU6ZfbE0jF3--OdspD3UNGOJtGHx4%26s%3DIZ-gqxlN77bPpxERutnD4i-IobFb5mgGiRvihgf5gWI%26e%3D&amp;data=02%7C01%7Cmros%40mercatflors.cat%7C36863b27880740507ab108d5883f71d1%7C2effb9948f774ba786381a79edc5959b%7C1%7C0%7C636564728445437102&amp;sdata=IlO8%2B9O%2FM4%2B%2FrKOTXybTXML9rziF%2B22oKucCKQFiAmc%3D&amp;reserved=0\">http:\/\/www.ickamsterdam.com\/<\/a><\/li>\n<li>Mercat de les Flors &#8211; Casa de la Danza (Barcelona, Espa\u00f1a). <a href=\"https:\/\/emea01.safelinks.protection.outlook.com\/?url=https%3A%2F%2Furldefense.proofpoint.com%2Fv2%2Furl%3Fu%3Dhttps-3A__emea01.safelinks.protection.outlook.com_-3Furl-3Dhttps-253A-252F-252Furldefense.proofpoint.com-252Fv2-252Furl-253Fu-253Dhttps-2D3A-5F-5Femea01.safelinks.protection.outlook.com-5F-2D3Furl-2D3Dhttps-2D253A-2D252F-2D252Furldefense.proofpoint.com-2D252Fv2-2D252Furl-2D253Fu-2D253Dhttp-2D2D3A-2D5F-2D5Fmercatflors.cat-2D5F-2D2526d-2D253DDwMFAw-2D2526c-2D253DeuGZstcaTDllvimEN8b7jXrwqOf-2D2Dv5A-2D5FCdpgnVfiiMM-2D2526r-2D253DXN5O69LuHIuTrfdyqzuI6zwRkz-2D2DOnZJ0cXTlPdthSAU-2D2526m-2D253DD-2D5Fp0j6nTUHaYelgI4YzQllQffJuK1PgpfPSNTkV226w-2D2526s-2D253D4dUnA2hSn-2D2D4mu0DDdN6D-2D5FMb%26d%3DDwMFaQ%26c%3DeuGZstcaTDllvimEN8b7jXrwqOf-v5A_CdpgnVfiiMM%26r%3DQxHKYMrewRL1BxGQ58EyPF-mS6nImEcSvmCCOQOOJjA%26m%3DH-ObpQuPapZH5YOU6ZfbE0jF3--OdspD3UNGOJtGHx4%26s%3DvF55WB2y757Zxpp6iiGi1IFWmxpdeOYqWtBDy4sRzPM%26e%3D&amp;data=02%7C01%7Cmros%40mercatflors.cat%7C36863b27880740507ab108d5883f71d1%7C2effb9948f774ba786381a79edc5959b%7C1%7C0%7C636564728445437102&amp;sdata=a56TGNvJLvB3skpg7hpZlZITPKx4DIm0iJKPmbUXMAw%3D&amp;reserved=0\">https:\/\/old.mercatflors.cat\/<\/a><\/li>\n<li>Explora -Il Museo dei Bambini di Roma (Roma, Italia). <a href=\"https:\/\/emea01.safelinks.protection.outlook.com\/?url=https%3A%2F%2Furldefense.proofpoint.com%2Fv2%2Furl%3Fu%3Dhttps-3A__emea01.safelinks.protection.outlook.com_-3Furl-3Dhttps-3A__urldefense.proofpoint.com_v2_url-3Fu-3Dhttps-2D3A-5F-5Femea01.safelinks.protection.outlook.com-5F-2D3Furl-2D3Dhttps-2D253A-2D252F-2D252Furldefense.proofpoint.com-2D252Fv2-2D252Furl-2D253Fu-2D253Dhttps-2D2D3A-2D5F-2D5Fwww.mdbr.it-2D5F-2D2526d-2D253DDwMFAw-2D2526c-2D253DeuGZstcaTDllvimEN8b7jXrwqOf-2D2Dv5A-2D5FCdpgnVfiiMM-2D2526r-2D253DXN5O69LuHIuTrfdyqzuI6zwRkz-2D2DOnZJ0cXTlPdthSAU-2D2526m-2D253DD-2D5Fp0j6nTUHaYelgI4YzQllQffJuK1PgpfPSNTkV226w-2D2526s-2D253Dc8kyX0di2z20NN5MoSEMFKyAHubVvYmI8QoYpy-2D5FU52s-2D2526e-2D253D-2D2%26d%3DDwMFaQ%26c%3DeuGZstcaTDllvimEN8b7jXrwqOf-v5A_CdpgnVfiiMM%26r%3DQxHKYMrewRL1BxGQ58EyPF-mS6nImEcSvmCCOQOOJjA%26m%3DH-ObpQuPapZH5YOU6ZfbE0jF3--OdspD3UNGOJtGHx4%26s%3Dp9zCfl0Ig6e1apHLKtiSZyaAUCZ2Iqa8BrwiZOJDcUA%26e%3D&amp;data=02%7C01%7Cmros%40mercatflors.cat%7C36863b27880740507ab108d5883f71d1%7C2effb9948f774ba786381a79edc5959b%7C1%7C0%7C636564728445437102&amp;sdata=VZefNGe6xBBDZm21%2FLYt5BMGbX4ioh1TZJ%2Feit8OOGI%3D&amp;reserved=0\">https:\/\/www.mdbr.it\/<\/a><\/li>\n<\/ul>\n<p><strong>Consultores externos:<\/strong><strong>\u2028<\/strong>SILK Fluegge (Linz, Austria) (SILK)\u2028Manuvo Europe SAS (Avi\u00f1\u00f3n, Francia) (Manuvo)<\/p>\n<p><strong>Proyecto con el apoyo de la <a href=\"https:\/\/ec.europa.eu\/programmes\/creative-europe\/node_fr\">Uni\u00f3n Europea-Creative Europe<\/a><\/strong><\/p>\n","protected":false},"excerpt":{"rendered":"<p>El Mercat de les Flors acogi\u00f3 del 14 al 17 [&hellip;]<\/p>\n","protected":false},"author":1,"featured_media":0,"comment_status":"open","ping_status":"open","sticky":false,"template":"","format":"standard","meta":[],"categories":[16],"tags":[],"_links":{"self":[{"href":"https:\/\/old.mercatflors.cat\/es\/wp-json\/wp\/v2\/posts\/23091\/"}],"collection":[{"href":"https:\/\/old.mercatflors.cat\/es\/wp-json\/wp\/v2\/posts\/"}],"about":[{"href":"https:\/\/old.mercatflors.cat\/es\/wp-json\/wp\/v2\/types\/post\/"}],"author":[{"embeddable":true,"href":"https:\/\/old.mercatflors.cat\/es\/wp-json\/wp\/v2\/users\/1\/"}],"replies":[{"embeddable":true,"href":"https:\/\/old.mercatflors.cat\/es\/wp-json\/wp\/v2\/comments\/?post=23091"}],"version-history":[{"count":0,"href":"https:\/\/old.mercatflors.cat\/es\/wp-json\/wp\/v2\/posts\/23091\/revisions\/"}],"wp:attachment":[{"href":"https:\/\/old.mercatflors.cat\/es\/wp-json\/wp\/v2\/media\/?parent=23091"}],"wp:term":[{"taxonomy":"category","embeddable":true,"href":"https:\/\/old.mercatflors.cat\/es\/wp-json\/wp\/v2\/categories\/?post=23091"},{"taxonomy":"post_tag","embeddable":true,"href":"https:\/\/old.mercatflors.cat\/es\/wp-json\/wp\/v2\/tags\/?post=23091"}],"curies":[{"name":"wp","href":"https:\/\/api.w.org\/{rel}","templated":true}]}}