{"id":23139,"date":"2018-04-05T14:22:50","date_gmt":"2018-04-05T13:22:50","guid":{"rendered":"https:\/\/old.mercatflors.cat\/?p=23139\/"},"modified":"2018-06-08T12:27:19","modified_gmt":"2018-06-08T11:27:19","slug":"convocatoria-de-audicion-para-bailarines-profesionales","status":"publish","type":"post","link":"https:\/\/old.mercatflors.cat\/es\/actualidad\/convocatoria-de-audicion-para-bailarines-profesionales\/","title":{"rendered":"Convocatoria de audici\u00f3n para bailarines profesionales"},"content":{"rendered":"<p><strong>CONVOCATORIA DE AUDICI\u00d3N PARA BAILARINES PROFESIONALES<\/strong><\/p>\n<p>El Mercat de les Flors convoca una audici\u00f3n para la selecci\u00f3n de 8 bailarines profesionales para el proyecto <strong><em>Flamingos<\/em><\/strong><em> (nombre provisional), <\/em>una creaci\u00f3n del core\u00f3grafo <strong>Albert<\/strong> <strong>Quesada<\/strong> con producci\u00f3n del Mercat de les Flors en el marco del proyecto C\u00e9lula, un proyecto embrionario de creaci\u00f3n, investigaci\u00f3n y transmisi\u00f3n.<\/p>\n<p><strong><em>Flamingos<\/em><\/strong> ser\u00e1 para Albert una nueva inmersi\u00f3n en el mundo del flamenco, despu\u00e9s de su \u00faltimo d\u00fao <em>UnDosTresUnDos<\/em> (2015), en el que explora este arte desde una vertiente \u00edntima y conmovedora. <span style=\"color: #0000ff;\"><a style=\"color: #0000ff;\" href=\"https:\/\/emea01.safelinks.protection.outlook.com\/?url=http%3A%2F%2Fwww.acmearts.xyz%2Fonetwothreeonetwo&amp;data=02%7C01%7Cmmartin%40mercatflors.cat%7C44c8e39da1634888424008d59336e4d7%7C2effb9948f774ba786381a79edc5959b%7C1%7C0%7C636576786342623470&amp;sdata=4stUP7zf3xwEPnsj55sXfziHMySq%2B1gU5ue83jwJYEc%3D&amp;reserved=0\"><em>http:\/\/www.acmearts.xyz\/onetwothreeonetwo<\/em><\/a><\/span><\/p>\n<p>Ahora plantea una pieza de gran formato, continuando sumergi\u00e9ndose en la complejidad del flamenco, de su m\u00fasica y danza. Albert busca bailarines en el mundo de la danza contempor\u00e1nea, con experiencia improvisando, delicados, pasionales, con curiosidad e inter\u00e9s por bailar sin material fijo.<\/p>\n<p><strong><em>Albert Quesada<\/em><\/strong><em>, bailar\u00edn y core\u00f3grafo que vive entre Barcelona, Bruselas y Filadelfia, se form\u00f3 en MDT (\u00c1msterdam) y PARTS (Bruselas) despu\u00e9s de sus estudios de filosof\u00eda y de ingenier\u00eda multimedia en Barcelona. La exploraci\u00f3n y la traducci\u00f3n de estructuras musicales y composiciones en la coreograf\u00eda y la invitaci\u00f3n al espectador a percibir y escuchar las obras propuestas se sit\u00faa en el coraz\u00f3n de su trabajo coreogr\u00e1fico. Paralelamente Albert est\u00e1 intrigado por el movimiento y la din\u00e1mica de grupo, inspirado por su colaboraci\u00f3n con ZOO \/ Thomas Hauert. Desde 2005 Quesada ha creado numerosas piezas, algunas de las cuales hemos podido ver en el Mercat. <\/em><span style=\"color: #0000ff;\"><a style=\"color: #0000ff;\" href=\"http:\/\/acmearts.xyz\/\"><em>http:\/\/acmearts.xyz<\/em><\/a><\/span><\/p>\n<table>\n<tbody>\n<tr>\n<td width=\"345\"><strong><u>AUDICI\u00d3N<\/u><\/strong><strong>:<\/strong><\/p>\n<p><strong>Fechas y horario:<\/strong><br \/>\nDomingo 27\/05\/2018 de 12:00 a 21:00h<br \/>\nLunes\u00a0\u00a0\u00a0\u00a0\u00a0 28\/05\/2018 de 09:00 a 21:00h<br \/>\nMartes\u00a0\u00a0\u00a0 29\/05\/2018 de 09:00 a 15:00h<strong><br \/>\n<\/strong><\/p>\n<p><strong>Espacio:<\/strong> Sala Pina Bausch del Mercat de les Flors<\/td>\n<\/tr>\n<\/tbody>\n<\/table>\n<p><strong><u>CALENDARIO DE TRABAJO Y CONDICIONES DE LA CONVOCATORIA<\/u><\/strong><strong>:<\/strong><\/p>\n<p><strong>CALENDARIO DE TRABAJO:<\/strong><\/p>\n<ul>\n<li>PER\u00cdODO DE INVESTIGACI\u00d3N, CREACI\u00d3N Y ESTRENO\n<ul>\n<li><strong>Del 18 al 29 de junio del 2018<\/strong> <em>(investigaci\u00f3n)<\/em><\/li>\n<li><strong>Del 3 al 21 de diciembre del 2018<\/strong><em> (creaci\u00f3n)<\/em><\/li>\n<li><strong>Del 7 al 25 de enero del 2019<\/strong><em> (creaci\u00f3n)<\/em><\/li>\n<li><strong>Del 11 de febrero al 20 de marzo del 2019<\/strong><em> (creaci\u00f3n)<\/em><\/li>\n<li><strong>Del 21 al 24 de marzo del 2019<\/strong><em> (estreno)<\/em><\/li>\n<\/ul>\n<\/li>\n<\/ul>\n<ul>\n<li><em>Informaci\u00f3n importante en relaci\u00f3n al per\u00edodo de ensayos:<\/em>\n<ul>\n<li>Puede haber algunos ensayos en fin de semana.<\/li>\n<li>Los ensayos se realizar\u00e1n b\u00e1sicamente en Barcelona en los espacios del Graner y el Mercat de les Flors, con posibilidad de otros espacios de ensayo y residencia en otras poblaciones.<\/li>\n<li>Se har\u00e1n acciones dirigidas a p\u00fablicos durante todo el per\u00edodo de ensayos y actuaciones.<\/li>\n<\/ul>\n<\/li>\n<li>PER\u00cdODO DE GIRA 2019\/20 A CONCRETAR<\/li>\n<\/ul>\n<p><strong>REQUISITOS DE LAS PERSONAS CANDIDATAS:<\/strong><\/p>\n<ul>\n<li>Residir habitualmente en Catalunya.<\/li>\n<li>IMPORTANTE: Total disponibilidad para per\u00edodos de creaci\u00f3n y funciones mencionados.<\/li>\n<li>Disponibilidad para gira 2019\/2020.<\/li>\n<li>Formaci\u00f3n acreditada y experiencia profesional en diferentes creaciones, compa\u00f1\u00edas y\/o core\u00f3grafos profesionales.<\/li>\n<li>Disponibilidad para participar en talleres y otras acciones dirigidas a p\u00fablicos durante todo el per\u00edodo de producci\u00f3n y gira.<\/li>\n<\/ul>\n<p><strong>INFORMACI\u00d3N E INSCRIPCI\u00d3N A LA CONVOCATORIA:<\/strong><\/p>\n<p>Para m\u00e1s informaci\u00f3n e inscripci\u00f3n a la convocatoria env\u00eda un correo electr\u00f3nico a:<\/p>\n<p><span style=\"color: #0000ff;\"><a style=\"color: #0000ff;\" href=\"mailto:participa@mercatflors.cat\">participa@mercatflors.cat<\/a><\/span> \u2013 Ref. <strong>C\u00e8l\u00b7lula#1<\/strong> <strong>Albert Quesada <\/strong>con la siguiente informaci\u00f3n:<\/p>\n<ul>\n<li>Ficha de inscripci\u00f3n<\/li>\n<li>CV<\/li>\n<li>Material gr\u00e1fico (1 imagen frontal de cara, tipo carnet) y audiovisual (enlace a v\u00eddeo\/s)<\/li>\n<\/ul>\n<p>Fecha l\u00edmite para presentar solicitudes a la convocatoria: <strong>viernes 27 de abril de 2018<\/strong><br \/>\nConfirmaci\u00f3n de las persones seleccionadas para la audici\u00f3n: <strong>viernes 11 de mayo <\/strong><br \/>\nDespu\u00e9s de la audici\u00f3n, selecci\u00f3n final para el proyecto<strong>: 6 de junio de 2018<\/strong>. <em>En funci\u00f3n de la cantidad de gente seleccionada es posible que se invite a un peque\u00f1o grupo para unos d\u00edas de investigaci\u00f3n \/ prueba del 18 al 22 de junio.<\/em><\/p>\n<p>Ficha de inscripci\u00f3n<a href=\"https:\/\/old.mercatflors.cat\/wp-content\/uploads\/2018\/04\/Ficha-de-inscripci\u00f3n.pdf\"><strong> <span style=\"color: #0000ff;\">AQU\u00cd<\/span> <\/strong><\/a><\/p>\n","protected":false},"excerpt":{"rendered":"<p>CONVOCATORIA DE AUDICI\u00d3N PARA BAILARINES PROFESIONALES El Mercat de les [&hellip;]<\/p>\n","protected":false},"author":1,"featured_media":0,"comment_status":"open","ping_status":"open","sticky":false,"template":"","format":"standard","meta":[],"categories":[16],"tags":[],"_links":{"self":[{"href":"https:\/\/old.mercatflors.cat\/es\/wp-json\/wp\/v2\/posts\/23139\/"}],"collection":[{"href":"https:\/\/old.mercatflors.cat\/es\/wp-json\/wp\/v2\/posts\/"}],"about":[{"href":"https:\/\/old.mercatflors.cat\/es\/wp-json\/wp\/v2\/types\/post\/"}],"author":[{"embeddable":true,"href":"https:\/\/old.mercatflors.cat\/es\/wp-json\/wp\/v2\/users\/1\/"}],"replies":[{"embeddable":true,"href":"https:\/\/old.mercatflors.cat\/es\/wp-json\/wp\/v2\/comments\/?post=23139"}],"version-history":[{"count":0,"href":"https:\/\/old.mercatflors.cat\/es\/wp-json\/wp\/v2\/posts\/23139\/revisions\/"}],"wp:attachment":[{"href":"https:\/\/old.mercatflors.cat\/es\/wp-json\/wp\/v2\/media\/?parent=23139"}],"wp:term":[{"taxonomy":"category","embeddable":true,"href":"https:\/\/old.mercatflors.cat\/es\/wp-json\/wp\/v2\/categories\/?post=23139"},{"taxonomy":"post_tag","embeddable":true,"href":"https:\/\/old.mercatflors.cat\/es\/wp-json\/wp\/v2\/tags\/?post=23139"}],"curies":[{"name":"wp","href":"https:\/\/api.w.org\/{rel}","templated":true}]}}