{"id":23386,"date":"2018-06-08T12:55:16","date_gmt":"2018-06-08T11:55:16","guid":{"rendered":"https:\/\/old.mercatflors.cat\/?p=23386\/"},"modified":"2018-10-31T10:32:31","modified_gmt":"2018-10-31T09:32:31","slug":"convocatoria-de-audicion-para-bailarines-profesionales-para-el-espectaculo-gran-bolero","status":"publish","type":"post","link":"https:\/\/old.mercatflors.cat\/es\/actualidad\/convocatoria-de-audicion-para-bailarines-profesionales-para-el-espectaculo-gran-bolero\/","title":{"rendered":"Convocatoria de audici\u00f3n para bailarines profesionales para el espect\u00e1culo &#8216;Gran Bolero&#8217;"},"content":{"rendered":"<p>El MERCAT DE LES FLORS\u00a0y la compa\u00f1\u00eda de <strong>Jes\u00fas Rubio Gamo<\/strong> convocan una audici\u00f3n para la selecci\u00f3n de 6 bailarines profesionales para el espect\u00e1culo\u00a0<strong>GRAN BOLERO<\/strong><em>, <\/em>\u00a0en coproducci\u00f3n\u00a0con el Mercat de les Flors\u00a0y Teatros del Canal.<\/p>\n<p><strong>Jes\u00fas Rubio Gamo<\/strong>, core\u00f3grafo madrile\u00f1o formado\u00a0en Londres, propicia un intercambio entre estos dos teatros\u00a0con seis bailarines de cada ciudad. <strong>GRAN BOLERO<\/strong>\u00a0nos\u00a0habla del esfuerzo\u00a0y el placer de resistir; es una danza sobre la obstinaci\u00f3n, sobre el tr\u00e1nsito entre el\u00a0disfrute\u00a0y\u00a0el agotamiento\u00a0y tambi\u00e9n sobre el paso del tiempo.<\/p>\n<p>Para m\u00e1s informaci\u00f3n del core\u00f3grafo\u00a0y\u00a0su trabajo: <a href=\"http:\/\/www.jesusrubiogamo.com\/\">http:\/\/www.jesusrubiogamo.com\/<\/a><em>\u00a0<\/em><\/p>\n<p><strong><u>AUDICI\u00d3N<\/u><\/strong><strong>:<\/strong><\/p>\n<p>La audici\u00f3n para GRAN BOLERO se organizar\u00e1 en un proceso de 2 d\u00edas de taller de todos los participantes seleccionados previamente y despu\u00e9s 2 d\u00edas m\u00e1s para la selecci\u00f3n final de los bailarines del proyecto. Las fechas\u00a0y los horarios de la audici\u00f3n son:<\/p>\n<p><strong>Fechas\u00a0y horarios:<\/strong><\/p>\n<p>Lunes\u00a0\u00a0\u00a0\u00a0\u00a0 \u00a0\u00a0\u00a025\/06\/2018 de 10:00 a 18:00h<br \/>\nMartes\u00a0\u00a0\u00a0\u00a0\u00a0\u00a0\u00a0 26\/06\/2018 de 10:00 a 18:00h<br \/>\nMi\u00e9rcoles \u00a0\u00a0\u00a0\u00a027\/06\/2018 de 10:00 a 18:00h<br \/>\nJueves\u00a0 \u00a0\u00a0\u00a0\u00a0\u00a0\u00a0\u00a0\u00a028\/06\/2018 de 10:00 a 18:00h<\/p>\n<p><strong>Espacio:<\/strong> Sala MAC del Mercat de les Flors<\/p>\n<p><strong><u><br \/>\nCALENDARIO DE TRABAJO\u00a0Y CONDICIONES DE LA CONVOCATORIA<\/u><\/strong><strong>:<\/strong><\/p>\n<p><strong>CALENDARIO DE TRABAJO \u2013 ENSAYOS\u00a0y FUNCIONES:<\/strong><\/p>\n<ul>\n<li>Del 7 al 20 de Enero 2019 ensayos\u00a0en Barcelona<\/li>\n<li>Del 3 al 30 de Marzo 2019 ensayos\u00a0en Madrid<\/li>\n<li><u>Estreno\u00a0en Madrid \u2013 Teatros del Canal<\/u>:\n<ul>\n<li><em>Del 1 al 4 de Abril 2019 montaje\u00a0y pases<\/em><\/li>\n<li><em>Funciones el 5, 6\u00a0y 7 de Abril 2019<\/em><\/li>\n<\/ul>\n<\/li>\n<li><u>Estreno\u00a0en Barcelona \u2013 Mercat de les Flors<\/u>:\n<ul>\n<li><em>Del 13 al 16 de Mayo 2019 ensayos\u00a0y pases<\/em><\/li>\n<li><em>Funciones el 17, 18\u00a0y 19 de Mayo 2019<\/em><\/li>\n<\/ul>\n<\/li>\n<\/ul>\n<p>PER\u00cdODO DE GIRA 2019\/20 A CONCRETAR<\/p>\n<p><strong><br \/>\n<\/strong><strong>REQUISITOS DE LAS PERSONAS CANDIDATAS:<\/strong><\/p>\n<ul>\n<li>Residir habitualmente\u00a0en Catalunya.<\/li>\n<li>Edad entre 22\u00a0y 40 a\u00f1os.<\/li>\n<li>IMPORTANTE: Total disponibilidad para los per\u00edodos de creaci\u00f3n\u00a0y funciones arriba\u00a0especificados.<\/li>\n<li>Disponibilidad para gira 2019\/2020.<\/li>\n<li>Formaci\u00f3n acreditada\u00a0y experiencia profesional en diferentes creaciones, compa\u00f1\u00edas y\/o core\u00f3grafos profesionales.<\/li>\n<\/ul>\n<p><strong>CONDICIONES<\/strong><\/p>\n<ul>\n<li>Contrataci\u00f3n por parte de la compa\u00f1\u00eda de Jes\u00fas Rubio Gamo.<\/li>\n<li>Honorarios de 1500\u20ac brutos al mes.<\/li>\n<li>Viajes\u00a0y alojamiento en ensayos\u00a0y funciones fuera de Barcelona a cargo de la producci\u00f3n.<\/li>\n<\/ul>\n<p><em>\u00a0<\/em><strong>INFORMACI\u00d3N\u00a0E INSCRIPCI\u00d3N A LA CONVOCATORIA:<\/strong><\/p>\n<p>Para m\u00e1s informaci\u00f3n\u00a0e inscripci\u00f3n a la convocatoria, escribir a:<\/p>\n<p><span style=\"color: #0000ff;\"><a style=\"color: #0000ff;\" href=\"mailto:participa@mercatflors.cat\">participa@mercatflors.cat<\/a><\/span> \u2013 Ref. <strong>Jes\u00fas Rubio Gamo<\/strong><\/p>\n<p>con\u00a0la siguiente informaci\u00f3n:<\/p>\n<ul>\n<li>Ficha de inscripci\u00f3n<\/li>\n<li>CV<\/li>\n<li>Material gr\u00e1fico (1 imagen frontal de cara, tipo carnet)\u00a0y audiovisual (enlaces a v\u00eddeo\/s)<\/li>\n<\/ul>\n<p>Fecha\u00a0l\u00edmite para presentar solicitudes: <strong>mi\u00e9rcoles 20 de junio de 2018.<\/strong><\/p>\n<p>Confirmaci\u00f3n de las personas seleccionadas para la audici\u00f3n: <strong>viernes 22 de junio.<\/strong><\/p>\n<p>Ficha de inscripci\u00f3n\u00a0<a href=\"https:\/\/old.mercatflors.cat\/wp-content\/uploads\/2018\/06\/fitxa-inscripcio-audicio-jesus-rubio.pdf\"><span style=\"color: #0000ff;\">AQU\u00cd<\/span><\/a><\/p>\n","protected":false},"excerpt":{"rendered":"<p>El MERCAT DE LES FLORS\u00a0y la compa\u00f1\u00eda de Jes\u00fas Rubio [&hellip;]<\/p>\n","protected":false},"author":1,"featured_media":0,"comment_status":"open","ping_status":"open","sticky":false,"template":"","format":"standard","meta":[],"categories":[16],"tags":[],"_links":{"self":[{"href":"https:\/\/old.mercatflors.cat\/es\/wp-json\/wp\/v2\/posts\/23386\/"}],"collection":[{"href":"https:\/\/old.mercatflors.cat\/es\/wp-json\/wp\/v2\/posts\/"}],"about":[{"href":"https:\/\/old.mercatflors.cat\/es\/wp-json\/wp\/v2\/types\/post\/"}],"author":[{"embeddable":true,"href":"https:\/\/old.mercatflors.cat\/es\/wp-json\/wp\/v2\/users\/1\/"}],"replies":[{"embeddable":true,"href":"https:\/\/old.mercatflors.cat\/es\/wp-json\/wp\/v2\/comments\/?post=23386"}],"version-history":[{"count":0,"href":"https:\/\/old.mercatflors.cat\/es\/wp-json\/wp\/v2\/posts\/23386\/revisions\/"}],"wp:attachment":[{"href":"https:\/\/old.mercatflors.cat\/es\/wp-json\/wp\/v2\/media\/?parent=23386"}],"wp:term":[{"taxonomy":"category","embeddable":true,"href":"https:\/\/old.mercatflors.cat\/es\/wp-json\/wp\/v2\/categories\/?post=23386"},{"taxonomy":"post_tag","embeddable":true,"href":"https:\/\/old.mercatflors.cat\/es\/wp-json\/wp\/v2\/tags\/?post=23386"}],"curies":[{"name":"wp","href":"https:\/\/api.w.org\/{rel}","templated":true}]}}