{"id":24552,"date":"2018-09-20T12:52:40","date_gmt":"2018-09-20T11:52:40","guid":{"rendered":"https:\/\/old.mercatflors.cat\/?p=24552\/"},"modified":"2018-10-22T16:11:26","modified_gmt":"2018-10-22T15:11:26","slug":"dos-coproducciones-del-mercat-de-les-flors-y-fira-mediterrania-en-manresa-el-5-y-6-de-octubre","status":"publish","type":"post","link":"https:\/\/old.mercatflors.cat\/es\/actualidad\/dos-coproducciones-del-mercat-de-les-flors-y-fira-mediterrania-en-manresa-el-5-y-6-de-octubre\/","title":{"rendered":"Dos coproducciones del Mercat de les Flors y Fira Mediterr\u00e0nia, en Manresa el 5 y 6 de octubre"},"content":{"rendered":"<p>Como en los \u00faltimos\u00a0a\u00f1os el Mercat de les Flors\u00a0y la Fira Mediterr\u00e0nia de Manresa abren un espacio de\u00a0investigaci\u00f3n\u00a0con laboratorios de creaci\u00f3n de 4 d\u00edas para artistas que est\u00e1n trabajando entre la tradici\u00f3n\u00a0y la contemporaneidad.\u00a0Se trata de un espacio de\u00a0apoyo a partes iguales entre el Mercat\u00a0y la Fira\u00a0con una muestra abierta al p\u00fablico. Muchas\u00a0veces estos trabajos derivan en un proyecto que se presentar\u00e1 m\u00e1s\u00a0adelante una vez formalizado como pieza esc\u00e9nica.<\/p>\n<p>Por un lado, en\u00a0<em>El movimiento de las cosas que toman tiempo<\/em>, la prestigiosa bailarina coreana <strong>Ji Hye Chung<\/strong>\u00a0y un grupo multidisciplinar de artistas reflexionan sobre la libertad de expresi\u00f3n, partiendo de la fuerza de la tradici\u00f3n\u00a0y la danza colectiva.\u00a0Y\u00a0por otro, la estancia del bailar\u00edn\u00a0y core\u00f3grafo\u00a0<strong>Juan Carlos L\u00e9rida<\/strong> en un taller mec\u00e1nico de Manresa, que\u00a0bajo el t\u00edtulo\u00a0<em>M\u00e1quinas Sagradas<\/em>\u00a0inicia la creaci\u00f3n de su nueva aventura art\u00edstica. En esta primera fase L\u00e9rida se centra en el mundo de los oficios\u00a0y busca en la comarca del Bages el ritmo\u00a0y el sonido del d\u00eda a d\u00eda en el taller.<\/p>\n","protected":false},"excerpt":{"rendered":"<p>Como en los \u00faltimos\u00a0a\u00f1os el Mercat de les Flors\u00a0y la [&hellip;]<\/p>\n","protected":false},"author":1,"featured_media":0,"comment_status":"open","ping_status":"open","sticky":false,"template":"","format":"standard","meta":[],"categories":[16],"tags":[],"_links":{"self":[{"href":"https:\/\/old.mercatflors.cat\/es\/wp-json\/wp\/v2\/posts\/24552\/"}],"collection":[{"href":"https:\/\/old.mercatflors.cat\/es\/wp-json\/wp\/v2\/posts\/"}],"about":[{"href":"https:\/\/old.mercatflors.cat\/es\/wp-json\/wp\/v2\/types\/post\/"}],"author":[{"embeddable":true,"href":"https:\/\/old.mercatflors.cat\/es\/wp-json\/wp\/v2\/users\/1\/"}],"replies":[{"embeddable":true,"href":"https:\/\/old.mercatflors.cat\/es\/wp-json\/wp\/v2\/comments\/?post=24552"}],"version-history":[{"count":0,"href":"https:\/\/old.mercatflors.cat\/es\/wp-json\/wp\/v2\/posts\/24552\/revisions\/"}],"wp:attachment":[{"href":"https:\/\/old.mercatflors.cat\/es\/wp-json\/wp\/v2\/media\/?parent=24552"}],"wp:term":[{"taxonomy":"category","embeddable":true,"href":"https:\/\/old.mercatflors.cat\/es\/wp-json\/wp\/v2\/categories\/?post=24552"},{"taxonomy":"post_tag","embeddable":true,"href":"https:\/\/old.mercatflors.cat\/es\/wp-json\/wp\/v2\/tags\/?post=24552"}],"curies":[{"name":"wp","href":"https:\/\/api.w.org\/{rel}","templated":true}]}}