{"id":24564,"date":"2018-09-25T15:16:36","date_gmt":"2018-09-25T14:16:36","guid":{"rendered":"https:\/\/old.mercatflors.cat\/?p=24564\/"},"modified":"2018-10-22T16:10:44","modified_gmt":"2018-10-22T15:10:44","slug":"convocado-el-concurso-para-el-coreografo-director-de-la-edicion-2019-del-tot-dansa","status":"publish","type":"post","link":"https:\/\/old.mercatflors.cat\/es\/actualidad\/convocado-el-concurso-para-el-coreografo-director-de-la-edicion-2019-del-tot-dansa\/","title":{"rendered":"Convocado el concurso para el core\u00f3grafo director de la edici\u00f3n 2019 del TOT DANSA"},"content":{"rendered":"<p><strong>Ya han salido las bases de la convocatoria del concurso que seleccionar\u00e1 el core\u00f3grafo que dirigir\u00e1 la edici\u00f3n de 2019 del proyecto TOT DANSA, que se lleva a cabo ya hace m\u00e1s de 18 a\u00f1os<\/strong><\/p>\n<p>Creado en red por el Mercat de les Flors, el Institut del Teatre y el Institut Municipal de Educaci\u00f3n del Ayuntamiento de Barcelona, el proyecto tiene por objetivo la promoci\u00f3n espec\u00edfica del lenguaje de la danza contempor\u00e1nea para motivar a la juventud en la expresi\u00f3n art\u00edstica, vivi\u00e9ndola de primera mano, y se desarrolla en los centros de educaci\u00f3n secundaria y de bachillerato de la ciudad de Barcelona.<\/p>\n<p>El proyecto incluye, adem\u00e1s, la participaci\u00f3n de les Escuelas Municipales de M\u00fasica de Barcelona, que adaptan la m\u00fasica para cada edici\u00f3n y que la interpretan en vivo el d\u00eda de la muestra. El programa se presenta como una herramienta educativa y de formaci\u00f3n para el profesorado y sobre todo como una vivencia y experiencia positiva, tanto personal como colectiva, para el alumnado adolescente.<\/p>\n<p>Durante todo el a\u00f1o, el core\u00f3grafo seleccionado se hace cargo de la formaci\u00f3n \u00a0del profesorado, del proceso de creaci\u00f3n y de la direcci\u00f3n de la muestra, que tendr\u00e1 lugar en el escenario del Mercat de les Flors el 6 de junio de 2019.<\/p>\n<p>El \u00e9xito del proyecto en Barcelona ha dado lugar al <em>Tots Dansen<\/em>, liderado por el Mercat de les Flors y la Xarxa Transversal, un proyecto an\u00e1logo multiplicado en propuestas y ciudades de Catalunya, integrado dentro del Plan de impulso de la Danza promovido por la Generalitat de Catalunya.<\/p>\n<p><span style=\"color: #0000ff;\"><strong><a style=\"color: #0000ff;\" href=\"https:\/\/old.mercatflors.cat\/wp-content\/uploads\/2018\/09\/Concurs_public_Direcc_Coreograf-2019.pdf\">Consulta las bases del concurso aqu\u00ed<\/a><\/strong><\/span><\/p>\n","protected":false},"excerpt":{"rendered":"<p>Ya han salido las bases de la convocatoria del concurso [&hellip;]<\/p>\n","protected":false},"author":1,"featured_media":0,"comment_status":"open","ping_status":"open","sticky":false,"template":"","format":"standard","meta":[],"categories":[16],"tags":[],"_links":{"self":[{"href":"https:\/\/old.mercatflors.cat\/es\/wp-json\/wp\/v2\/posts\/24564\/"}],"collection":[{"href":"https:\/\/old.mercatflors.cat\/es\/wp-json\/wp\/v2\/posts\/"}],"about":[{"href":"https:\/\/old.mercatflors.cat\/es\/wp-json\/wp\/v2\/types\/post\/"}],"author":[{"embeddable":true,"href":"https:\/\/old.mercatflors.cat\/es\/wp-json\/wp\/v2\/users\/1\/"}],"replies":[{"embeddable":true,"href":"https:\/\/old.mercatflors.cat\/es\/wp-json\/wp\/v2\/comments\/?post=24564"}],"version-history":[{"count":0,"href":"https:\/\/old.mercatflors.cat\/es\/wp-json\/wp\/v2\/posts\/24564\/revisions\/"}],"wp:attachment":[{"href":"https:\/\/old.mercatflors.cat\/es\/wp-json\/wp\/v2\/media\/?parent=24564"}],"wp:term":[{"taxonomy":"category","embeddable":true,"href":"https:\/\/old.mercatflors.cat\/es\/wp-json\/wp\/v2\/categories\/?post=24564"},{"taxonomy":"post_tag","embeddable":true,"href":"https:\/\/old.mercatflors.cat\/es\/wp-json\/wp\/v2\/tags\/?post=24564"}],"curies":[{"name":"wp","href":"https:\/\/api.w.org\/{rel}","templated":true}]}}