{"id":24777,"date":"2018-10-22T17:29:03","date_gmt":"2018-10-22T16:29:03","guid":{"rendered":"https:\/\/old.mercatflors.cat\/?p=24777\/"},"modified":"2018-10-23T14:29:47","modified_gmt":"2018-10-23T13:29:47","slug":"convocatoria-de-audicion-para-bailarines-profesionales-para-un-proyecto-de-marina-mascarell","status":"publish","type":"post","link":"https:\/\/old.mercatflors.cat\/es\/actualidad\/convocatoria-de-audicion-para-bailarines-profesionales-para-un-proyecto-de-marina-mascarell\/","title":{"rendered":"Convocatoria de audici\u00f3n para bailarines profesionales para un proyecto de Marina Mascarell"},"content":{"rendered":"<p>El Mercat de les Flors convoca una audici\u00f3n para la selecci\u00f3n de 4 bailarines profesionales para un proyecto de Marina Mascarell, una coproduci\u00f3n del Mercat de les Flors y el Korzo Theatre de La Haya con la compa\u00f1\u00eda Skanes Dansteater de Malm\u00f6, en el contexto del programa C\u00e8l\u00b7lula. La creaci\u00f3n se realizar\u00e1 mayoritariamente\u00a0en Suecia\u00a0con 8 bailarines m\u00e1s del Skanes Dansteater.\u00a0Marina Mascarell busca bailarines de gran creatividad\u00a0y curiosidad, con una fuerte consciencia corporal\u00a0y enfoque genuino\u00a0hacia\u00a0el trabajo, con disponibilidad\u00a0para desplazarse a Suecia.<\/p>\n<p><strong>AUDICI\u00d3N<\/strong><\/p>\n<p><strong>Fechas\u00a0y horarios:<\/strong><br \/>\nS\u00e1bado\u00a001\/12\/2018 de 10:00 a 18:00h<br \/>\nDomingo 02\/12\/2018 de 10:00 a 15:00h<\/p>\n<p><strong>Espacio:<\/strong><br \/>\nSala Grande del Graner<\/p>\n<p><a href=\"https:\/\/old.mercatflors.cat\/wp-content\/uploads\/2018\/10\/Convocat\u00f2ria-Audici\u00f3-C\u00e8llula2-MARINA-MASCARELL.pdf\"><span style=\"color: #0000ff;\">Desc\u00e1rgate la convocatoria de la audici\u00f3n aqu\u00ed<\/span><\/a><\/p>\n<p>Para m\u00e1s informaci\u00f3n\u00a0e inscripci\u00f3n a la convocatoria env\u00eda un correo electr\u00f3nico a:\u00a0<a href=\"mailto:participa@mercatflors.cat\"><span style=\"color: #0000ff;\">participa@mercatflors.cat<\/span><\/a> \u2013 Ref. <strong>C\u00e8l\u00b7lula#2 Marina Mascarell<\/strong><\/p>\n<p>Fecha\u00a0l\u00edmite para presentar solicitudes a la convocatoria: <strong>viernes 16 de noviembre de 2018.<\/strong><\/p>\n","protected":false},"excerpt":{"rendered":"<p>El Mercat de les Flors convoca una audici\u00f3n para la [&hellip;]<\/p>\n","protected":false},"author":1,"featured_media":0,"comment_status":"open","ping_status":"open","sticky":false,"template":"","format":"standard","meta":[],"categories":[16],"tags":[],"_links":{"self":[{"href":"https:\/\/old.mercatflors.cat\/es\/wp-json\/wp\/v2\/posts\/24777\/"}],"collection":[{"href":"https:\/\/old.mercatflors.cat\/es\/wp-json\/wp\/v2\/posts\/"}],"about":[{"href":"https:\/\/old.mercatflors.cat\/es\/wp-json\/wp\/v2\/types\/post\/"}],"author":[{"embeddable":true,"href":"https:\/\/old.mercatflors.cat\/es\/wp-json\/wp\/v2\/users\/1\/"}],"replies":[{"embeddable":true,"href":"https:\/\/old.mercatflors.cat\/es\/wp-json\/wp\/v2\/comments\/?post=24777"}],"version-history":[{"count":0,"href":"https:\/\/old.mercatflors.cat\/es\/wp-json\/wp\/v2\/posts\/24777\/revisions\/"}],"wp:attachment":[{"href":"https:\/\/old.mercatflors.cat\/es\/wp-json\/wp\/v2\/media\/?parent=24777"}],"wp:term":[{"taxonomy":"category","embeddable":true,"href":"https:\/\/old.mercatflors.cat\/es\/wp-json\/wp\/v2\/categories\/?post=24777"},{"taxonomy":"post_tag","embeddable":true,"href":"https:\/\/old.mercatflors.cat\/es\/wp-json\/wp\/v2\/tags\/?post=24777"}],"curies":[{"name":"wp","href":"https:\/\/api.w.org\/{rel}","templated":true}]}}