{"id":24784,"date":"2018-10-22T18:29:15","date_gmt":"2018-10-22T17:29:15","guid":{"rendered":"https:\/\/old.mercatflors.cat\/?p=24784\/"},"modified":"2019-02-25T10:04:37","modified_gmt":"2019-02-25T09:04:37","slug":"la-coreografa-sonia-gomez-seleccionada-para-el-tot-dansa-2019","status":"publish","type":"post","link":"https:\/\/old.mercatflors.cat\/es\/actualidad\/la-coreografa-sonia-gomez-seleccionada-para-el-tot-dansa-2019\/","title":{"rendered":"La core\u00f3grafa S\u00f2nia G\u00f3mez, seleccionada para el TOT DANSA 2019"},"content":{"rendered":"<p>El concurso para la selecci\u00f3n del core\u00f3grafo del TOT DANSA\u00a02019 se ha resuelto a favor de S\u00f2nia G\u00f3mez.<\/p>\n<p>Organizado conjuntamente por el Institut Municipal d\u2019Educaci\u00f3 del Ajuntament de Barcelona, el Institut del Teatre\u00a0y el Mercat de les Flors, TOT DANSA se dirige a los centros de educaci\u00f3n secundaria\u00a0y de bachillerato p\u00fablicos. Tiene como objetivo dar a conocer al p\u00fablico joven -y desde su propio contexto de centro\u00a0y profesorado-, c\u00f3digos\u00a0y pr\u00e1cticas del lenguaje del movimiento\u00a0y la danza contempor\u00e1nea. Durante todo\u00a0el a\u00f1o, el core\u00f3grafo seleccionado se\u00a0hace cargo de la formaci\u00f3n del profesorado, del proceso de creaci\u00f3n\u00a0y de la direcci\u00f3n de la muestra del resultado final\u00a0en\u00a0el escenario del Mercat de les Flors el 6 de junio de 2019.<\/p>\n<p>S\u00f2nia G\u00f3mez hace una apuesta por los elementos\u00a0y estrategias singulares del lenguaje esc\u00e9nico de vanguardia puestos al servicio de un proyecto art\u00edstico-pedag\u00f3gico en el contexto escolar. As\u00ed mismo, se destacan los valores que el artista pone en juego a la hora de abordar el proceso\u00a0y construcci\u00f3n de la propuesta en conjunci\u00f3n\u00a0con alumnado, profesorado\u00a0y direcci\u00f3n art\u00edstica. La creadora merita\u00a0tambi\u00e9n por una trayectoria muy notable,\u00a0y siempre\u00a0con un lenguaje multidisciplinar muy personal.<\/p>\n<p><a href=\"http:\/\/soniagomez.com\/\"><strong><span style=\"color: #0000ff;\">S\u00f2nia G\u00f3mez<\/span><\/strong><\/a><\/p>\n","protected":false},"excerpt":{"rendered":"<p>El concurso para la selecci\u00f3n del core\u00f3grafo del TOT DANSA\u00a02019 [&hellip;]<\/p>\n","protected":false},"author":1,"featured_media":0,"comment_status":"open","ping_status":"open","sticky":false,"template":"","format":"standard","meta":[],"categories":[16],"tags":[],"_links":{"self":[{"href":"https:\/\/old.mercatflors.cat\/es\/wp-json\/wp\/v2\/posts\/24784\/"}],"collection":[{"href":"https:\/\/old.mercatflors.cat\/es\/wp-json\/wp\/v2\/posts\/"}],"about":[{"href":"https:\/\/old.mercatflors.cat\/es\/wp-json\/wp\/v2\/types\/post\/"}],"author":[{"embeddable":true,"href":"https:\/\/old.mercatflors.cat\/es\/wp-json\/wp\/v2\/users\/1\/"}],"replies":[{"embeddable":true,"href":"https:\/\/old.mercatflors.cat\/es\/wp-json\/wp\/v2\/comments\/?post=24784"}],"version-history":[{"count":0,"href":"https:\/\/old.mercatflors.cat\/es\/wp-json\/wp\/v2\/posts\/24784\/revisions\/"}],"wp:attachment":[{"href":"https:\/\/old.mercatflors.cat\/es\/wp-json\/wp\/v2\/media\/?parent=24784"}],"wp:term":[{"taxonomy":"category","embeddable":true,"href":"https:\/\/old.mercatflors.cat\/es\/wp-json\/wp\/v2\/categories\/?post=24784"},{"taxonomy":"post_tag","embeddable":true,"href":"https:\/\/old.mercatflors.cat\/es\/wp-json\/wp\/v2\/tags\/?post=24784"}],"curies":[{"name":"wp","href":"https:\/\/api.w.org\/{rel}","templated":true}]}}