{"id":24887,"date":"2018-11-09T19:04:26","date_gmt":"2018-11-09T18:04:26","guid":{"rendered":"https:\/\/old.mercatflors.cat\/?p=24887\/"},"modified":"2019-02-25T10:02:42","modified_gmt":"2019-02-25T09:02:42","slug":"24887","status":"publish","type":"post","link":"https:\/\/old.mercatflors.cat\/es\/actualidad\/24887\/","title":{"rendered":"Ampliaci\u00f3n del plazo para apuntarse al taller para bailarines profesionales con Pere Faura"},"content":{"rendered":"<p>El Mercat de les Flors organiza un taller gratuito no remunerado dirigido por Pere Faura del 17 al 23 de diciembre de 2018 para bailarines profesionales. Este es el segundo de una serie de talleres o laboratorios que forman parte del proyecto piloto C\u00c8L\u00b7LULA, un contenedor que ha de permitir el crecimiento y desarrollo de profesionales a trav\u00e9s de laboratorios de formaci\u00f3n, pr\u00e1cticas de creaci\u00f3n compartidas y producciones.<\/p>\n<p>El taller tendr\u00e1 lugar del 17 al 23 de diciembre. La fecha l\u00edmite de entrega de solicitud de la plaza es el 12 de diciembre.<\/p>\n<p><strong>+ informaci\u00f3n <a href=\"https:\/\/old.mercatflors.cat\/wp-content\/uploads\/2018\/11\/Convovat\u00f2ria-Taller-C\u00e8l\u00b7lula-Pere-Faura_BIS.pdf\"><span style=\"color: #0000ff;\">AQU\u00cd<\/span><\/a><\/strong><\/p>\n","protected":false},"excerpt":{"rendered":"<p>El Mercat de les Flors organiza un taller gratuito no [&hellip;]<\/p>\n","protected":false},"author":1,"featured_media":0,"comment_status":"open","ping_status":"open","sticky":false,"template":"","format":"standard","meta":[],"categories":[16],"tags":[],"_links":{"self":[{"href":"https:\/\/old.mercatflors.cat\/es\/wp-json\/wp\/v2\/posts\/24887\/"}],"collection":[{"href":"https:\/\/old.mercatflors.cat\/es\/wp-json\/wp\/v2\/posts\/"}],"about":[{"href":"https:\/\/old.mercatflors.cat\/es\/wp-json\/wp\/v2\/types\/post\/"}],"author":[{"embeddable":true,"href":"https:\/\/old.mercatflors.cat\/es\/wp-json\/wp\/v2\/users\/1\/"}],"replies":[{"embeddable":true,"href":"https:\/\/old.mercatflors.cat\/es\/wp-json\/wp\/v2\/comments\/?post=24887"}],"version-history":[{"count":0,"href":"https:\/\/old.mercatflors.cat\/es\/wp-json\/wp\/v2\/posts\/24887\/revisions\/"}],"wp:attachment":[{"href":"https:\/\/old.mercatflors.cat\/es\/wp-json\/wp\/v2\/media\/?parent=24887"}],"wp:term":[{"taxonomy":"category","embeddable":true,"href":"https:\/\/old.mercatflors.cat\/es\/wp-json\/wp\/v2\/categories\/?post=24887"},{"taxonomy":"post_tag","embeddable":true,"href":"https:\/\/old.mercatflors.cat\/es\/wp-json\/wp\/v2\/tags\/?post=24887"}],"curies":[{"name":"wp","href":"https:\/\/api.w.org\/{rel}","templated":true}]}}