{"id":24924,"date":"2018-11-12T18:43:51","date_gmt":"2018-11-12T17:43:51","guid":{"rendered":"https:\/\/old.mercatflors.cat\/?p=24924\/"},"modified":"2019-02-25T10:06:15","modified_gmt":"2019-02-25T09:06:15","slug":"convocatoria-de-oferta-de-contratacion-de-espectaculos-de-companias-de-danza-catalana-de-mediogran-formato","status":"publish","type":"post","link":"https:\/\/old.mercatflors.cat\/es\/actualidad\/convocatoria-de-oferta-de-contratacion-de-espectaculos-de-companias-de-danza-catalana-de-mediogran-formato\/","title":{"rendered":"Convocatoria de oferta de contrataci\u00f3n de espect\u00e1culos de compa\u00f1\u00edas catalanas de danza de medio\/gran formato"},"content":{"rendered":"<p>En el marco del Plan de Impulso de la Danza 2016-2018, el Institut Catal\u00e0 de les Empreses Culturals (ICEC) del Departament de Cultura de la Generalitat de Catalunya, el Mercat de les Flors\u00a0y\u00a0los equipamientos del Sistema P\u00fablico de Equipamientos Esc\u00e9nicos\u00a0y Musicales de Catalunya participantes\u00a0en la Producci\u00f3n Nacional de Danza de Catalunya 2017-2018, vuelven a unir esfuerzos\u00a0para dar\u00a0apoyo a la programaci\u00f3n\u00a0y gira de espect\u00e1culos de danza catalana de medio\/gran formato por Catalunya.<\/p>\n<p>Estas bases tienen por objeto promover la contrataci\u00f3n\u00a0y gira de compa\u00f1\u00edas de danza catalana de car\u00e1cter profesional\u00a0con creaciones coreogr\u00e1ficas de danza actual de medio\/gran formato en los municipios integrados en el Sistema P\u00fablico de Equipamientos Esc\u00e9nicos\u00a0y Musicales de Catalunya (SPEEM) participantes\u00a0en la Producci\u00f3n Nacional de Danza de Catalunya 2017-2018 del Plan de Impulso de la Danza (Badalona, Figueres, Girona, Granollers, L\u2019Hospitalet de Llobregat, Lleida, Manresa, Matar\u00f3, Olot, Reus, Sabadell, Sant Cugat del Vall\u00e8s, Santa Coloma de Gramenet, Tarragona, Terrassa, Tortosa, Vic, Viladecans\u00a0y Vilanova i la Geltr\u00fa).<\/p>\n<p>El\u00a0plazo de admisi\u00f3n de propuestas finaliza el d\u00eda <strong>3 de diciembre de 2018 a las 14:00 hores.<\/strong><\/p>\n<p>Consulta las bases de contrataci\u00f3n, as\u00ed como los requisitos\u00a0y condiciones para presentarse, <a href=\"https:\/\/old.mercatflors.cat\/wp-content\/uploads\/2018\/11\/DNG_Oferta-de-contractaci\u00f3.pdf\"><span style=\"color: #0000ff;\">AQU\u00cd<\/span><\/a><\/p>\n<p>Para poder optar, es indispensable la presentaci\u00f3n del documento\u00a0<a href=\"https:\/\/old.mercatflors.cat\/wp-content\/uploads\/2018\/11\/DECLARACI\u00d3-RESPONSABLE.pdf\"><span style=\"color: #0000ff;\">DECLARACI\u00d3 RESPONSABLE<\/span><\/a>, junto\u00a0con\u00a0el resto de documentaci\u00f3n especificada en el punto 4 del documento \u2018Bases de contrataci\u00f3n\u2019<\/p>\n","protected":false},"excerpt":{"rendered":"<p>En el marco del Plan de Impulso de la Danza [&hellip;]<\/p>\n","protected":false},"author":1,"featured_media":0,"comment_status":"open","ping_status":"open","sticky":false,"template":"","format":"standard","meta":[],"categories":[16],"tags":[],"_links":{"self":[{"href":"https:\/\/old.mercatflors.cat\/es\/wp-json\/wp\/v2\/posts\/24924\/"}],"collection":[{"href":"https:\/\/old.mercatflors.cat\/es\/wp-json\/wp\/v2\/posts\/"}],"about":[{"href":"https:\/\/old.mercatflors.cat\/es\/wp-json\/wp\/v2\/types\/post\/"}],"author":[{"embeddable":true,"href":"https:\/\/old.mercatflors.cat\/es\/wp-json\/wp\/v2\/users\/1\/"}],"replies":[{"embeddable":true,"href":"https:\/\/old.mercatflors.cat\/es\/wp-json\/wp\/v2\/comments\/?post=24924"}],"version-history":[{"count":0,"href":"https:\/\/old.mercatflors.cat\/es\/wp-json\/wp\/v2\/posts\/24924\/revisions\/"}],"wp:attachment":[{"href":"https:\/\/old.mercatflors.cat\/es\/wp-json\/wp\/v2\/media\/?parent=24924"}],"wp:term":[{"taxonomy":"category","embeddable":true,"href":"https:\/\/old.mercatflors.cat\/es\/wp-json\/wp\/v2\/categories\/?post=24924"},{"taxonomy":"post_tag","embeddable":true,"href":"https:\/\/old.mercatflors.cat\/es\/wp-json\/wp\/v2\/tags\/?post=24924"}],"curies":[{"name":"wp","href":"https:\/\/api.w.org\/{rel}","templated":true}]}}