{"id":2944,"date":"2012-09-14T18:13:34","date_gmt":"2012-09-14T18:13:34","guid":{"rendered":"https:\/\/old.mercatflors.cat\/?p=2944"},"modified":"2012-10-24T10:13:06","modified_gmt":"2012-10-24T10:13:06","slug":"presentacion-temporada-2012-2013","status":"publish","type":"post","link":"https:\/\/old.mercatflors.cat\/es\/actualidad\/presentacion-temporada-2012-2013\/","title":{"rendered":"Presentaci\u00f3n Temporada 2012-2013"},"content":{"rendered":"<p>La creatividad es nuestra arma de resistencia. Es la manera como mejor podemos expresar nuestra identidad, nuestro patrimonio vivo, no s\u00f3lo lo que somos o lo que eramos, si no la ambici\u00f3n de lo que queremos ser. Y a pesar de que a menudo el lugar de la Cultura y de los Artistas en nuestra sociedad est\u00e9 cuestionado, ellos son los que saben transformar en perenne todo nuestro universo simb\u00f3lico. La cultura no es, por lo tanto, un lujo.<\/p>\n<p>Como espacio p\u00fablico que somos, una de nuestras tareas es provocar la creatividad. No s\u00f3lo dejar que se exprese a trav\u00e9s nuestro o que sea recibida y juzgada por el p\u00fablico, si no incentivarla, despertarla, ponerla en situaci\u00f3n de riesgo, forzarla a posiciones inc\u00f3modas. Y una manera de hacerlo es a trav\u00e9s del di\u00e1logo con miradas opuestas. Y si dialogar es mantener una conversaci\u00f3n entre dos personas motivada por el deseo de entenderse, creemos que esta es una de las fortalezas de nuestra cultura mediterr\u00e1nea.<\/p>\n<p>Por eso nos interesa especialmente apoyar con continuidad a artistas a quienes les importe comunicar que hagan una danza comprometida con las emociones y con el humanismo, que sea pol\u00edtica y sugiera nuevas formas po\u00e9ticas, que transmeta valores sociales, primitiva y a la vez sofisticada y moderna, cooperativa, curiosa, que se reinvente, que beba y se inspire en la naturaleza.<\/p>\n<p>Queremos que el di\u00e1logo y la libertad creativa se respiren por todos los rincones del Mercat. Queremos trabajar para despertar la curiosidad de nuestro p\u00fablico como una de las principales fuentes de conocimiento. Queremos que encuentres en este Mercat la danza que te hable a ti.<\/p>\n<p><a href=\"http:\/\/issuu.com\/mercatflors\/docs\/prog_temp_12-13_mercat\" target=\"_blank\"><strong>Consulta y desc\u00e1rgate el pdf con la programaci\u00f3n de toda la temporada del Mercat<\/strong><\/a> o consulta la <a href=\"https:\/\/old.mercatflors.cat\/es\/temporada-vista\/\"><span style=\"text-decoration: underline;\"><strong>programaci\u00f3n mes a mes<\/strong><\/span><\/a><\/p>\n<p>__________________________________________________________________________________________________<\/p>\n<p><a href=\"http:\/\/www.youtube.com\/watch?v=FHpH3uN2Vm0&amp;list=UUzSIw9vKJa0DyA9Mr79V-Ow&amp;index=2&amp;feature=plcp\" target=\"_blank\"><strong>VIDEO PRESENTACI\u00d3N TEMPORADA 2012-13 DEL MERCAT DE LES FLORS<\/strong><\/a><\/p>\n<p><a href=\"http:\/\/www.youtube.com\/watch?v=mkL3PWKJIvY&amp;feature=youtu.be\"><img decoding=\"async\" loading=\"lazy\" title=\"roberto_olivan_petita\" src=\"https:\/\/old.mercatflors.cat\/wp-content\/uploads\/2012\/09\/roberto_olivan_petita.jpg\" alt=\"\" width=\"350\" height=\"200\" \/><\/a><\/p>\n<p>__________________________________________________________________________________________________<\/p>\n<p><strong><a href=\"http:\/\/www.youtube.com\/playlist?list=PLD4543E3CDF4138F5\">CATA ALGUNOS DE LOS ESPECT\u00c1CULOS QUE FORMAN LA PROGRAMACI\u00d3N 2012-13<\/a><\/strong><\/p>\n<p><a href=\"http:\/\/www.youtube.com\/playlist?list=PLD4543E3CDF4138F5\"><img decoding=\"async\" loading=\"lazy\" title=\"umma-umma\" src=\"https:\/\/old.mercatflors.cat\/wp-content\/uploads\/2012\/09\/umma-umma.jpg\" alt=\"\" width=\"350\" height=\"200\" \/><\/a><\/p>\n","protected":false},"excerpt":{"rendered":"<p>La creatividad es nuestra arma de resistencia. Es la manera [&hellip;]<\/p>\n","protected":false},"author":1,"featured_media":0,"comment_status":"open","ping_status":"open","sticky":false,"template":"","format":"standard","meta":[],"categories":[16],"tags":[],"_links":{"self":[{"href":"https:\/\/old.mercatflors.cat\/es\/wp-json\/wp\/v2\/posts\/2944\/"}],"collection":[{"href":"https:\/\/old.mercatflors.cat\/es\/wp-json\/wp\/v2\/posts\/"}],"about":[{"href":"https:\/\/old.mercatflors.cat\/es\/wp-json\/wp\/v2\/types\/post\/"}],"author":[{"embeddable":true,"href":"https:\/\/old.mercatflors.cat\/es\/wp-json\/wp\/v2\/users\/1\/"}],"replies":[{"embeddable":true,"href":"https:\/\/old.mercatflors.cat\/es\/wp-json\/wp\/v2\/comments\/?post=2944"}],"version-history":[{"count":0,"href":"https:\/\/old.mercatflors.cat\/es\/wp-json\/wp\/v2\/posts\/2944\/revisions\/"}],"wp:attachment":[{"href":"https:\/\/old.mercatflors.cat\/es\/wp-json\/wp\/v2\/media\/?parent=2944"}],"wp:term":[{"taxonomy":"category","embeddable":true,"href":"https:\/\/old.mercatflors.cat\/es\/wp-json\/wp\/v2\/categories\/?post=2944"},{"taxonomy":"post_tag","embeddable":true,"href":"https:\/\/old.mercatflors.cat\/es\/wp-json\/wp\/v2\/tags\/?post=2944"}],"curies":[{"name":"wp","href":"https:\/\/api.w.org\/{rel}","templated":true}]}}