{"id":3472,"date":"2012-09-12T08:55:00","date_gmt":"2012-09-12T08:55:00","guid":{"rendered":"https:\/\/old.mercatflors.cat\/?p=3472"},"modified":"2012-10-02T09:31:08","modified_gmt":"2012-10-02T09:31:08","slug":"ultimos-dias-para-solicitar-una-residencia-artistica-en-graner","status":"publish","type":"post","link":"https:\/\/old.mercatflors.cat\/es\/actualidad\/ultimos-dias-para-solicitar-una-residencia-artistica-en-graner\/","title":{"rendered":"\u00daltimos d\u00edas para solicitar una residencia art\u00edstica en Graner"},"content":{"rendered":"<p>El pr\u00f3ximo viernes 28 de septiembre se acabar\u00e1 el plazo para presentar la solicitud que permite optar a uno de los espacios de trabajo de la f\u00e1brica de creaci\u00f3n Graner. Esta tercera convocatoria de residencias art\u00edsticas est\u00e1 dirigida a las compa\u00f1\u00edas y creadores que quieran desarrollar proyectos de investigaci\u00f3n y creaci\u00f3n vinculados al lenguaje del cuerpo y las artes del movimiento.<\/p>\n<p>La resoluci\u00f3n de la convocatoria ser\u00e1 el 10 de octubre de 2012.<\/p>\n","protected":false},"excerpt":{"rendered":"<p>El pr\u00f3ximo viernes 28 de septiembre se acabar\u00e1 el plazo [&hellip;]<\/p>\n","protected":false},"author":1,"featured_media":0,"comment_status":"open","ping_status":"open","sticky":false,"template":"","format":"standard","meta":[],"categories":[16],"tags":[],"_links":{"self":[{"href":"https:\/\/old.mercatflors.cat\/es\/wp-json\/wp\/v2\/posts\/3472\/"}],"collection":[{"href":"https:\/\/old.mercatflors.cat\/es\/wp-json\/wp\/v2\/posts\/"}],"about":[{"href":"https:\/\/old.mercatflors.cat\/es\/wp-json\/wp\/v2\/types\/post\/"}],"author":[{"embeddable":true,"href":"https:\/\/old.mercatflors.cat\/es\/wp-json\/wp\/v2\/users\/1\/"}],"replies":[{"embeddable":true,"href":"https:\/\/old.mercatflors.cat\/es\/wp-json\/wp\/v2\/comments\/?post=3472"}],"version-history":[{"count":0,"href":"https:\/\/old.mercatflors.cat\/es\/wp-json\/wp\/v2\/posts\/3472\/revisions\/"}],"wp:attachment":[{"href":"https:\/\/old.mercatflors.cat\/es\/wp-json\/wp\/v2\/media\/?parent=3472"}],"wp:term":[{"taxonomy":"category","embeddable":true,"href":"https:\/\/old.mercatflors.cat\/es\/wp-json\/wp\/v2\/categories\/?post=3472"},{"taxonomy":"post_tag","embeddable":true,"href":"https:\/\/old.mercatflors.cat\/es\/wp-json\/wp\/v2\/tags\/?post=3472"}],"curies":[{"name":"wp","href":"https:\/\/api.w.org\/{rel}","templated":true}]}}