{"id":3770,"date":"2012-09-19T16:07:15","date_gmt":"2012-09-19T16:07:15","guid":{"rendered":"https:\/\/old.mercatflors.cat\/?p=3770"},"modified":"2013-04-23T11:23:14","modified_gmt":"2013-04-23T10:23:14","slug":"toda-la-temporada-del-mercat-en-un-click","status":"publish","type":"post","link":"https:\/\/old.mercatflors.cat\/es\/actualidad\/toda-la-temporada-del-mercat-en-un-click\/","title":{"rendered":"Toda la temporada del Mercat en un click"},"content":{"rendered":"<p><a href=\"http:\/\/issuu.com\/mercatflors\/docs\/prog_temp_12-13_mercat\" target=\"_blank\"><strong>Aqu\u00ed podr\u00e9is consultar y descargaros el pdf con la programaci\u00f3n de toda la temporada del Mercat<\/strong><\/a><\/p>\n","protected":false},"excerpt":{"rendered":"<p>Aqu\u00ed podr\u00e9is consultar y descargaros el pdf con la programaci\u00f3n [&hellip;]<\/p>\n","protected":false},"author":1,"featured_media":0,"comment_status":"open","ping_status":"open","sticky":false,"template":"","format":"standard","meta":[],"categories":[16],"tags":[],"_links":{"self":[{"href":"https:\/\/old.mercatflors.cat\/es\/wp-json\/wp\/v2\/posts\/3770\/"}],"collection":[{"href":"https:\/\/old.mercatflors.cat\/es\/wp-json\/wp\/v2\/posts\/"}],"about":[{"href":"https:\/\/old.mercatflors.cat\/es\/wp-json\/wp\/v2\/types\/post\/"}],"author":[{"embeddable":true,"href":"https:\/\/old.mercatflors.cat\/es\/wp-json\/wp\/v2\/users\/1\/"}],"replies":[{"embeddable":true,"href":"https:\/\/old.mercatflors.cat\/es\/wp-json\/wp\/v2\/comments\/?post=3770"}],"version-history":[{"count":0,"href":"https:\/\/old.mercatflors.cat\/es\/wp-json\/wp\/v2\/posts\/3770\/revisions\/"}],"wp:attachment":[{"href":"https:\/\/old.mercatflors.cat\/es\/wp-json\/wp\/v2\/media\/?parent=3770"}],"wp:term":[{"taxonomy":"category","embeddable":true,"href":"https:\/\/old.mercatflors.cat\/es\/wp-json\/wp\/v2\/categories\/?post=3770"},{"taxonomy":"post_tag","embeddable":true,"href":"https:\/\/old.mercatflors.cat\/es\/wp-json\/wp\/v2\/tags\/?post=3770"}],"curies":[{"name":"wp","href":"https:\/\/api.w.org\/{rel}","templated":true}]}}