{"id":3863,"date":"2012-10-05T10:21:10","date_gmt":"2012-10-05T10:21:10","guid":{"rendered":"https:\/\/old.mercatflors.cat\/?p=3863"},"modified":"2013-04-23T11:22:12","modified_gmt":"2013-04-23T10:22:12","slug":"el-mercat-participa-en-el-nuevo-curso-educa-con-el-arte-para-educadores-sociales-organizado-por-apropa-cultura","status":"publish","type":"post","link":"https:\/\/old.mercatflors.cat\/es\/actualidad\/el-mercat-participa-en-el-nuevo-curso-educa-con-el-arte-para-educadores-sociales-organizado-por-apropa-cultura\/","title":{"rendered":"El Mercat participa en el nuevo curso Educa con el Arte para educadores sociales organizado por Apropa Cultura"},"content":{"rendered":"<p>Apropa Cultura es un programa socioeducativo dirigido a los centros sociales que trabajan con personas en riesgo de exclusi\u00f3n social. El Mercat de les Flors es uno de los equipamientos p\u00fablicos integrados en el programa y participa con la sesi\u00f3n dedicada a la danza conducida por Cesc Gelabert y Toni Jodar, dentro del nuevo curso Educa con el Arte.<\/p>\n<p>El curso tiene una duraci\u00f3n de 3 a\u00f1os y cada a\u00f1o se realizar\u00e1n seis sesiones formativas en los diferentes equipamientos esc\u00e9nicos y musicales de Barcelona. De la mano de formadores especializados en les materia, este a\u00f1o las sesiones tratar\u00e1n el <em>Arte como herramienta de enriquecimiento personal<\/em>. Durante el 2013-14 se tratar\u00e1 e<em>l Arte como herramienta de comunicaci\u00f3n<\/em> y durante el 2014-15 se trabajar\u00e1 el <em>Arte como generador de bienestar y alegr\u00eda<\/em>.<\/p>\n<p>M\u00e1s info <a href=\"http:\/\/www.apropacultura.cat\/uploads\/Educa_amb_l_Art.pdf\" target=\"_blank\"><strong>El curso<\/strong><\/a><\/p>\n<p>M\u00e1s info <a href=\"http:\/\/www.apropacultura.cat\/?pkaction=changeIdioma&amp;idioma=es\" target=\"_blank\"><strong>Apropa cultura<\/strong><\/a><\/p>\n","protected":false},"excerpt":{"rendered":"<p>Apropa Cultura es un programa socioeducativo dirigido a los centros [&hellip;]<\/p>\n","protected":false},"author":1,"featured_media":0,"comment_status":"open","ping_status":"open","sticky":false,"template":"","format":"standard","meta":[],"categories":[16],"tags":[],"_links":{"self":[{"href":"https:\/\/old.mercatflors.cat\/es\/wp-json\/wp\/v2\/posts\/3863\/"}],"collection":[{"href":"https:\/\/old.mercatflors.cat\/es\/wp-json\/wp\/v2\/posts\/"}],"about":[{"href":"https:\/\/old.mercatflors.cat\/es\/wp-json\/wp\/v2\/types\/post\/"}],"author":[{"embeddable":true,"href":"https:\/\/old.mercatflors.cat\/es\/wp-json\/wp\/v2\/users\/1\/"}],"replies":[{"embeddable":true,"href":"https:\/\/old.mercatflors.cat\/es\/wp-json\/wp\/v2\/comments\/?post=3863"}],"version-history":[{"count":0,"href":"https:\/\/old.mercatflors.cat\/es\/wp-json\/wp\/v2\/posts\/3863\/revisions\/"}],"wp:attachment":[{"href":"https:\/\/old.mercatflors.cat\/es\/wp-json\/wp\/v2\/media\/?parent=3863"}],"wp:term":[{"taxonomy":"category","embeddable":true,"href":"https:\/\/old.mercatflors.cat\/es\/wp-json\/wp\/v2\/categories\/?post=3863"},{"taxonomy":"post_tag","embeddable":true,"href":"https:\/\/old.mercatflors.cat\/es\/wp-json\/wp\/v2\/tags\/?post=3863"}],"curies":[{"name":"wp","href":"https:\/\/api.w.org\/{rel}","templated":true}]}}