{"id":3889,"date":"2012-10-10T08:39:55","date_gmt":"2012-10-10T08:39:55","guid":{"rendered":"https:\/\/old.mercatflors.cat\/?p=3889"},"modified":"2013-02-25T09:41:42","modified_gmt":"2013-02-25T09:41:42","slug":"exposicion-arts-del-moviment-dansa-a-catalunya-1966-2012","status":"publish","type":"post","link":"https:\/\/old.mercatflors.cat\/es\/actualidad\/exposicion-arts-del-moviment-dansa-a-catalunya-1966-2012\/","title":{"rendered":"Exposici\u00f3n Arts del Moviment. Dansa a Catalunya (1966-2012)"},"content":{"rendered":"<p><strong>Exposici\u00f3n Arts del Moviment. Dansa a Catalunya (1966-2012)<\/strong><\/p>\n<p>Del 30 de octubre de 2012 hasta el 26 de enero de 2013 tendr\u00e1 lugar la exposici\u00f3n sobre la danza en Catalunya en el Arts Santa M\u00f2nica. La muestra recupera la memoria reciente de un arte ef\u00edmero como es la danza, que\u00a0se expresa con el cuerpo en movimiento para desaparecer seguidamente. Queda, pero, en la coreograf\u00eda y en el poso que deja como legado para los que continuar\u00e1n movi\u00e9ndose en adelante.<\/p>\n<p>La exposici\u00f3n pone el acento en esta presencia central del cuerpo, situando en medio del claustro la instalaci\u00f3n <em>De cuerpo presente<\/em>, del cineasta Isaki Lacuesta: siete cuerpos de core\u00f3grafos int\u00e9rpretes bien diferentes, que se imponen cara a cara al espectador, sin m\u00fasica, en blanco y negro rodado en 16 mm desde el mismo punto de vista, cada cuerpo con sus caracter\u00edsticas personales. Son Cesc Gelabert, \u00c0ngels Margarit, Maria Mu\u00f1oz, Sol Pic\u00f3, Andr\u00e9s Corchero, Thomas Noone y Marta Carrasco en representaci\u00f3n de lo que han sido diferentes l\u00edneas y logros de los \u00faltimos cuarenta a\u00f1os.<\/p>\n<p>La instalaci\u00f3n de Lacuesta adquiere un papel central relevante en el claustro del Arts Santa M\u00f2nica y, alrededor de este cuerpo del bailar\u00edn int\u00e9rprete que ha sido el aut\u00e9ntico protagonista de las coreograf\u00edas, se desmiembra en cuatro partes la historia reciente de la danza en Catalunya. Cada parte incluye, junto a las fotograf\u00edas\u00a0y documentos, un v\u00eddeo de entrevistas realizado tambi\u00e9n por Isaki Lacuesta. El cuerpo de la danza tiene: pies (<em>los<\/em> <em>primeros pasos)<\/em>, tronco (<em>la matriz contempor\u00e1nea de la danza catalana)<\/em>, rostros (<em>los que<\/em> <em>la bailan<\/em>) y manos (e<em>l encaje de las artes)<\/em>.<\/p>\n<p>Comisariado <strong>Joaquim Noguero y B\u00e0rbara Raubert<br \/>\n<\/strong>Dise\u00f1o gr\u00e1fico y dise\u00f1o de arquitectura <strong>Xavier Rovira para Liquid Docs<\/strong><\/p>\n<p><strong>Organiza y produce<\/strong> Arts Santa M\u00f2nica &#8211; Departament de Cultura Generalitat Catalunya<br \/>\n<strong>Colaboran<\/strong> Institut Catal\u00e0 de les Empreses Culturals, Mercat de les Flors, Diputaci\u00f3 de Barcelona, Institut del Teatre, Institut Ramon Llull<\/p>\n<p><a href=\"http:\/\/artssantamonica.cat\/EXP\/EXPOSICIONS\/tabid\/128\/any\/201210\/language\/es-ES\/Default.aspx#exposicio74\" target=\"_blank\"><span style=\"text-decoration: underline;\">M\u00e1s informaci\u00f3n de la exposici\u00f3n en la web del <strong>Arts Santa M\u00f2nica<\/strong><\/span><\/a><\/p>\n<p><img decoding=\"async\" loading=\"lazy\" class=\"alignnone size-full wp-image-3898\" title=\"Arts del moviment Foto Ros Ribas-petitabona\" alt=\"\" src=\"https:\/\/old.mercatflors.cat\/wp-content\/uploads\/2012\/10\/Arts-del-moviment-Foto-Ros-Ribas-petitabona.jpg\" width=\"200\" height=\"350\" \/><\/p>\n","protected":false},"excerpt":{"rendered":"<p>Exposici\u00f3n Arts del Moviment. Dansa a Catalunya (1966-2012) Del 30 [&hellip;]<\/p>\n","protected":false},"author":1,"featured_media":0,"comment_status":"open","ping_status":"open","sticky":false,"template":"","format":"standard","meta":[],"categories":[16],"tags":[],"_links":{"self":[{"href":"https:\/\/old.mercatflors.cat\/es\/wp-json\/wp\/v2\/posts\/3889\/"}],"collection":[{"href":"https:\/\/old.mercatflors.cat\/es\/wp-json\/wp\/v2\/posts\/"}],"about":[{"href":"https:\/\/old.mercatflors.cat\/es\/wp-json\/wp\/v2\/types\/post\/"}],"author":[{"embeddable":true,"href":"https:\/\/old.mercatflors.cat\/es\/wp-json\/wp\/v2\/users\/1\/"}],"replies":[{"embeddable":true,"href":"https:\/\/old.mercatflors.cat\/es\/wp-json\/wp\/v2\/comments\/?post=3889"}],"version-history":[{"count":0,"href":"https:\/\/old.mercatflors.cat\/es\/wp-json\/wp\/v2\/posts\/3889\/revisions\/"}],"wp:attachment":[{"href":"https:\/\/old.mercatflors.cat\/es\/wp-json\/wp\/v2\/media\/?parent=3889"}],"wp:term":[{"taxonomy":"category","embeddable":true,"href":"https:\/\/old.mercatflors.cat\/es\/wp-json\/wp\/v2\/categories\/?post=3889"},{"taxonomy":"post_tag","embeddable":true,"href":"https:\/\/old.mercatflors.cat\/es\/wp-json\/wp\/v2\/tags\/?post=3889"}],"curies":[{"name":"wp","href":"https:\/\/api.w.org\/{rel}","templated":true}]}}