{"id":39242,"date":"2018-11-21T15:38:43","date_gmt":"2018-11-21T14:38:43","guid":{"rendered":"https:\/\/old.mercatflors.cat\/?p=39242"},"modified":"2019-02-25T10:03:57","modified_gmt":"2019-02-25T09:03:57","slug":"el-proyecto-europeo-map-to-the-stars-ya-tiene-web","status":"publish","type":"post","link":"https:\/\/old.mercatflors.cat\/es\/actualidad\/el-proyecto-europeo-map-to-the-stars-ya-tiene-web\/","title":{"rendered":"El proyecto europeo Map to the Stars ya tiene web"},"content":{"rendered":"<p><strong>Acercamos la danza a las escuelas a trav\u00e9s de las nuevas tecnolog\u00edas<\/strong><\/p>\n<p>En esta web de Map to the Stars (<a href=\"https:\/\/www.maptothestars.eu\/\">https:\/\/www.maptothestars.eu\/<\/a>) encontrar\u00e9is informaci\u00f3n sobre el desarrollo de la app que estamos construyendo para dispositivos m\u00f3viles (tel\u00e9fonos y tablets) dirigida a ni\u00f1os y ni\u00f1as en el \u00e1mbito escolar, as\u00ed como sobre las diversas instituciones y profesionales implicados en el proyecto.<\/p>\n<p>El trabajo de Map to the Stars se inici\u00f3 en septiembre de 2017 con representantes de Il Museo dei Bambini de Roma, el Ballet National de Marseille, el centro de creaci\u00f3n ICK de \u00c1msterdam y el Mercat de les Flors de Barcelona, bajo la direcci\u00f3n art\u00edstica general de Eric Minh Cuong Castain.<\/p>\n<p>Map to the Stars tiene la voluntad de ofrecer herramientas educativas y participativas entorno al movimiento corporal para colocar el cuerpo en relaci\u00f3n a los \u00e1mbitos tem\u00e1ticos escolares y as\u00ed ampliar las posibilidades expresivas del ni\u00f1o. La puesta en funcionamiento de esta web coincide con las primeras pruebas de la app en escuelas reales, cuatro de ellas en la provincia de Barcelona y a les que el Mercat de les Flors har\u00e1 un seguimiento para acabar de adaptar las propuestas a sus destinatarios.<\/p>\n<p>Os animamos a consultar la web de Map to the Stars para conocer mejor el proyecto y manteneros al corriente de las novedades.<\/p>\n<p><strong><em>Proyecto con el apoyo de la <\/em><\/strong><a href=\"https:\/\/ec.europa.eu\/programmes\/creative-europe\/node_fr\"><strong><em>Uni\u00f3n Europea-Creative Europe<\/em><\/strong><\/a><\/p>\n","protected":false},"excerpt":{"rendered":"<p>Acercamos la danza a las escuelas a trav\u00e9s de las [&hellip;]<\/p>\n","protected":false},"author":1,"featured_media":0,"comment_status":"open","ping_status":"open","sticky":false,"template":"","format":"standard","meta":[],"categories":[16],"tags":[],"_links":{"self":[{"href":"https:\/\/old.mercatflors.cat\/es\/wp-json\/wp\/v2\/posts\/39242\/"}],"collection":[{"href":"https:\/\/old.mercatflors.cat\/es\/wp-json\/wp\/v2\/posts\/"}],"about":[{"href":"https:\/\/old.mercatflors.cat\/es\/wp-json\/wp\/v2\/types\/post\/"}],"author":[{"embeddable":true,"href":"https:\/\/old.mercatflors.cat\/es\/wp-json\/wp\/v2\/users\/1\/"}],"replies":[{"embeddable":true,"href":"https:\/\/old.mercatflors.cat\/es\/wp-json\/wp\/v2\/comments\/?post=39242"}],"version-history":[{"count":0,"href":"https:\/\/old.mercatflors.cat\/es\/wp-json\/wp\/v2\/posts\/39242\/revisions\/"}],"wp:attachment":[{"href":"https:\/\/old.mercatflors.cat\/es\/wp-json\/wp\/v2\/media\/?parent=39242"}],"wp:term":[{"taxonomy":"category","embeddable":true,"href":"https:\/\/old.mercatflors.cat\/es\/wp-json\/wp\/v2\/categories\/?post=39242"},{"taxonomy":"post_tag","embeddable":true,"href":"https:\/\/old.mercatflors.cat\/es\/wp-json\/wp\/v2\/tags\/?post=39242"}],"curies":[{"name":"wp","href":"https:\/\/api.w.org\/{rel}","templated":true}]}}