{"id":39251,"date":"2018-11-27T10:22:00","date_gmt":"2018-11-27T09:22:00","guid":{"rendered":"https:\/\/old.mercatflors.cat\/?p=39251"},"modified":"2021-04-12T22:06:38","modified_gmt":"2021-04-12T21:06:38","slug":"la-coproduccion-del-mercat-de-les-flors-a-vore-premio-butaca-de-danza","status":"publish","type":"post","link":"https:\/\/old.mercatflors.cat\/es\/actualidad\/la-coproduccion-del-mercat-de-les-flors-a-vore-premio-butaca-de-danza\/","title":{"rendered":"La coproducci\u00f3n del Mercat de les Flors &#8216;A vore&#8217;, Premio Butaca de Danza"},"content":{"rendered":"<p><strong>El espect\u00e1culo es de S\u00f2nia G\u00f3mez, Ramon Balagu\u00e9 y Astrio<\/strong><\/p>\n<p>La XXIV edici\u00f3n de los premios Butaca, que se celebraron el lunes 26 de noviembre, otorg\u00f3 el Premio de Danza de este a\u00f1o al espect\u00e1culo <em>A vore<\/em>, una producci\u00f3n del Mercat de les Flors, L\u2019Auditori, la Fira Mediterr\u00e0nia de Manresa y Elclimamola. La pieza es un proyecto de mestizaje sobre la cultura popular de las tierras del Ebro, en la que se habla de la posible convivencia de la m\u00fasica y la danza tradicional con la danza y la m\u00fasica contempor\u00e1neas.<\/p>\n<p><em>A vore<\/em> pudo verse en L\u2019Auditori este pasado enero, formando parte de la temporada del Mercat. La pieza fue creada conjuntamente por la core\u00f3grafa, performancer y bailarina S\u00f2nia G\u00f3mez, el realizador audiovisual Ramon Balagu\u00e9 y el tr\u00edo de funk, nujazz y rock Astrio.<\/p>\n<p><strong><a href=\"https:\/\/old.mercatflors.cat\/es\/espectacle\/a-vore\/\">+ info<\/a><\/strong><br \/>\n<a href=\"https:\/\/youtu.be\/gfUDu_wKcCY\"><strong>V\u00eddeo<\/strong><\/a><\/p>\n<p>&nbsp;<\/p>\n<p>&nbsp;<\/p>\n","protected":false},"excerpt":{"rendered":"<p>El espect\u00e1culo es de S\u00f2nia G\u00f3mez, Ramon Balagu\u00e9 y Astrio [&hellip;]<\/p>\n","protected":false},"author":1,"featured_media":0,"comment_status":"open","ping_status":"open","sticky":false,"template":"","format":"standard","meta":[],"categories":[16],"tags":[],"_links":{"self":[{"href":"https:\/\/old.mercatflors.cat\/es\/wp-json\/wp\/v2\/posts\/39251\/"}],"collection":[{"href":"https:\/\/old.mercatflors.cat\/es\/wp-json\/wp\/v2\/posts\/"}],"about":[{"href":"https:\/\/old.mercatflors.cat\/es\/wp-json\/wp\/v2\/types\/post\/"}],"author":[{"embeddable":true,"href":"https:\/\/old.mercatflors.cat\/es\/wp-json\/wp\/v2\/users\/1\/"}],"replies":[{"embeddable":true,"href":"https:\/\/old.mercatflors.cat\/es\/wp-json\/wp\/v2\/comments\/?post=39251"}],"version-history":[{"count":0,"href":"https:\/\/old.mercatflors.cat\/es\/wp-json\/wp\/v2\/posts\/39251\/revisions\/"}],"wp:attachment":[{"href":"https:\/\/old.mercatflors.cat\/es\/wp-json\/wp\/v2\/media\/?parent=39251"}],"wp:term":[{"taxonomy":"category","embeddable":true,"href":"https:\/\/old.mercatflors.cat\/es\/wp-json\/wp\/v2\/categories\/?post=39251"},{"taxonomy":"post_tag","embeddable":true,"href":"https:\/\/old.mercatflors.cat\/es\/wp-json\/wp\/v2\/tags\/?post=39251"}],"curies":[{"name":"wp","href":"https:\/\/api.w.org\/{rel}","templated":true}]}}