{"id":3941,"date":"2012-10-10T16:34:15","date_gmt":"2012-10-10T16:34:15","guid":{"rendered":"https:\/\/old.mercatflors.cat\/?p=3941"},"modified":"2012-10-31T11:43:49","modified_gmt":"2012-10-31T11:43:49","slug":"nuevo-concurso-para-escoger-al-coreografo-de-la-jornada-joven-de-creacion-artistica-danza-contemporanea","status":"publish","type":"post","link":"https:\/\/old.mercatflors.cat\/es\/actualidad\/nuevo-concurso-para-escoger-al-coreografo-de-la-jornada-joven-de-creacion-artistica-danza-contemporanea\/","title":{"rendered":"Nuevo concurso para escoger al core\u00f3grafo de la Jornada Joven de Creaci\u00f3n Art\u00edstica: Danza contempor\u00e1nea"},"content":{"rendered":"<p><strong>El anteriormente llamado Tot Dansa tiene lugar en los centros de secundaria y bachillerato de Barcelona<\/strong><\/p>\n<p>Tres instituciones (Institut d\u2019Educaci\u00f3, Institut del Teatre y Mercat de les Flors) llevan a cabo este programa educativo y de dinamizaci\u00f3n cultural. Se seleccionar\u00e1 a un core\u00f3grafo para que, durante el per\u00edodo de enero a junio de 2003, se haga cargo de la formaci\u00f3n del profesorado de los centros de ense\u00f1anza secundario, del proceso de creaci\u00f3n y de la muestra del resultado final en el escenario del Mercat de les Flors el 5 de junio de 2013.<\/p>\n<p>El plazo para presentar la documentaci\u00f3n es de 15 d\u00edas naturales a partir de la publicaci\u00f3n de las bases el jueves 11 de octubre en la web del Mercat.<\/p>\n<p><a href=\"http:\/\/www.mercatflors.cat\/2012-2013\/concurs-coreograf-projecte-instituts-2013\/convocatoria-2013.pdf\"><strong>Descargaros las bases de la Convocatoria<\/strong><\/a> (en catal\u00e1n)<\/p>\n","protected":false},"excerpt":{"rendered":"<p>El anteriormente llamado Tot Dansa tiene lugar en los centros [&hellip;]<\/p>\n","protected":false},"author":1,"featured_media":0,"comment_status":"open","ping_status":"open","sticky":false,"template":"","format":"standard","meta":[],"categories":[16],"tags":[],"_links":{"self":[{"href":"https:\/\/old.mercatflors.cat\/es\/wp-json\/wp\/v2\/posts\/3941\/"}],"collection":[{"href":"https:\/\/old.mercatflors.cat\/es\/wp-json\/wp\/v2\/posts\/"}],"about":[{"href":"https:\/\/old.mercatflors.cat\/es\/wp-json\/wp\/v2\/types\/post\/"}],"author":[{"embeddable":true,"href":"https:\/\/old.mercatflors.cat\/es\/wp-json\/wp\/v2\/users\/1\/"}],"replies":[{"embeddable":true,"href":"https:\/\/old.mercatflors.cat\/es\/wp-json\/wp\/v2\/comments\/?post=3941"}],"version-history":[{"count":0,"href":"https:\/\/old.mercatflors.cat\/es\/wp-json\/wp\/v2\/posts\/3941\/revisions\/"}],"wp:attachment":[{"href":"https:\/\/old.mercatflors.cat\/es\/wp-json\/wp\/v2\/media\/?parent=3941"}],"wp:term":[{"taxonomy":"category","embeddable":true,"href":"https:\/\/old.mercatflors.cat\/es\/wp-json\/wp\/v2\/categories\/?post=3941"},{"taxonomy":"post_tag","embeddable":true,"href":"https:\/\/old.mercatflors.cat\/es\/wp-json\/wp\/v2\/tags\/?post=3941"}],"curies":[{"name":"wp","href":"https:\/\/api.w.org\/{rel}","templated":true}]}}